{"id":230931,"date":"2025-07-06T17:39:11","date_gmt":"2025-07-06T17:39:11","guid":{"rendered":"https:\/\/www.europesays.com\/fr\/230931\/"},"modified":"2025-07-06T17:39:11","modified_gmt":"2025-07-06T17:39:11","slug":"pourquoi-piastri-a-ete-penalise-a-silverstone","status":"publish","type":"post","link":"https:\/\/www.europesays.com\/fr\/230931\/","title":{"rendered":"pourquoi Piastri a \u00e9t\u00e9 p\u00e9nalis\u00e9 \u00e0 Silverstone"},"content":{"rendered":"<p>Un freinage juste avant une relance de course, \u00e0 la suite d&rsquo;une intervention de la voiture de s\u00e9curit\u00e9, a co\u00fbt\u00e9 la victoire \u00e0 <a href=\"https:\/\/fr.motorsport.com\/driver\/oscar-piastri\/835356\/\" target=\"_blank\" rel=\"noopener nofollow\">Oscar Piastri<\/a> au GP de Grande-Bretagne. Alors qu&rsquo;il contr\u00f4lait l&rsquo;\u00e9preuve, l&rsquo;Australien a re\u00e7u dix secondes de p\u00e9nalit\u00e9 pour un \u00ab\u00a0freinage erratique\u00a0\u00bb selon les commissaires de course, qui a contraint <a href=\"https:\/\/fr.motorsport.com\/driver\/max-verstappen\/93029\/\" target=\"_blank\" rel=\"noopener nofollow\">Max Verstappen<\/a> \u00e0 l&rsquo;\u00e9viter. \u00c0 Montr\u00e9al, <a href=\"https:\/\/fr.motorsport.com\/driver\/george-russell\/96626\/\" target=\"_blank\" rel=\"noopener nofollow\">George Russell<\/a> avait \u00e9t\u00e9 sous enqu\u00eate pour une man\u0153uvre similaire face au m\u00eame Verstappen mais avait finalement \u00e9chapp\u00e9 \u00e0 une sanction. Pourquoi cette diff\u00e9rence ?<\/p>\n<p>Dans la <a href=\"https:\/\/fr.motorsport.com\/f1\/news\/russell-verstappen-verdict-complet-commissaires\/10733433\/\" rel=\"nofollow noopener\" target=\"_blank\">d\u00e9cision rendue au GP du Canada<\/a>, les commissaires indiquaient que Russell avait appliqu\u00e9 une pression de 30 psi sur la p\u00e9dale de frein, qu&rsquo;il avait lui-m\u00eame qualifi\u00e9e de \u00ab\u00a0mod\u00e9r\u00e9e\u00a0\u00bb. Le verdict des commissaires \u00e0 Silverstone fait \u00e9tat d&rsquo;une pression de\u00a059.2 psi de la part de Piastri, soit presque deux fois plus. Les donn\u00e9es ont par ailleurs montr\u00e9 une d\u00e9c\u00e9l\u00e9ration de 218\u00a0km\/h \u00e0 52\u00a0km\/h, soit 166 km\/h perdu en quelques instants. Les vitesses n&rsquo;avaient pas \u00e9t\u00e9 communiqu\u00e9es concernant l&rsquo;incident entre Russell et Verstappen.<\/p>\n<p>Piastri a ainsi \u00e9t\u00e9 reconnu coupable d&rsquo;une infraction \u00e0 l&rsquo;article 55.15 du r\u00e8glement sportif, qui d\u00e9finit le comportement des pilotes \u00e0 un restart, et notamment l&rsquo;obligation du leader de dicter le rythme \u00ab\u00a0sans acc\u00e9l\u00e9ration ou freinage erratique\u00a0\u00bb. La p\u00e9nalit\u00e9 de dix secondes qui en a r\u00e9sult\u00e9 est conforme aux <a href=\"https:\/\/fr.motorsport.com\/f1\/news\/fia-rend-publics-documents-commissaires\/10736147\/\" rel=\"nofollow noopener\" target=\"_blank\">lignes directrices pour les sanctions<\/a> r\u00e9cemment publi\u00e9es par la FIA, mais il s&rsquo;agit de la plus lourde recommand\u00e9e pour une infraction de ce type.<\/p>\n<p>La d\u00e9cision des commissaires<\/p>\n<p>\u00ab\u00a0Les commissaires ont \u00e9tudi\u00e9 le syst\u00e8me de GPS et de suivi, les vid\u00e9os, la t\u00e9l\u00e9m\u00e9trie, la radio et la cam\u00e9ra embarqu\u00e9e\u00a0\u00bb, peut-on lire dans la d\u00e9cision. \u00ab\u00a0Quand le directeur de course a d\u00e9cid\u00e9 que la voiture de s\u00e9curit\u00e9 allait rentrait et que ses feux se sont \u00e9teints, la voiture n\u00b081 a soudainement frein\u00e9 fort (59,2 psi de pression de frein) et r\u00e9duit la vitesse au milieu de la ligne droite entre les virages 14 et 15, de 218\u00a0km\/h \u00e0 52\u00a0km\/h, ce qui a contraint la voiture n\u00b01 \u00e0 une man\u0153uvre d&rsquo;\u00e9vitement pour \u00e9viter un accrochage. Cela signifie que la voiture n\u00b01 a in\u00e9vitablement doubl\u00e9 la voiture n\u00b01, une position qu&rsquo;il rendue imm\u00e9diatement.\u00a0\u00bb<\/p>\n<p>\u00ab\u00a0L&rsquo;article 55.15 du r\u00e8glement sportif de la FIA imposait \u00e0 la voiture n\u00b0181 de rouler \u00e0 un rythme sans freinage erratique ni toute autre man\u0153uvre susceptible de mettre en danger les autres pilotes \u00e0 partir du moment o\u00f9 les feux de la voiture de s\u00e9curit\u00e9 ont \u00e9t\u00e9 \u00e9teints. Ce que la voiture n\u00b081 a fait \u00e9tait clairement en infraction \u00e0 cet article. En accord avec les standards de pilotage, nous imposons une p\u00e9nalis\u00e9 de dix secondes \u00e0 la voiture n\u00b081.\u00a0\u00bb<\/p>\n<p><a href=\"https:\/\/fr.motorsport.com\/team\/mclaren\/609\/\" target=\"_blank\" rel=\"noopener nofollow\">McLaren<\/a> a \u00e9tudi\u00e9 les voies de recours face \u00e0 cette sanction mais la p\u00e9nalit\u00e9 a \u00e9t\u00e9 servie dans les stands, ce qui la rend d\u00e9finitive. Oscar Piastri a de son c\u00f4t\u00e9 pr\u00e9f\u00e9r\u00e9 \u00e9vit\u00e9 tout commentaire, craignant que cela puisse lui nuire.<\/p>\n<p>Lire aussi :<\/p>\n<p>Dans cet article<\/p>\n<p>    Vincent Lalanne-Sicaud\n<\/p>\n<p>    Formule 1\n<\/p>\n<p>    Oscar Piastri\n<\/p>\n<p>    McLaren\n<\/p>\n<p>Soyez le premier inform\u00e9 et souscrivez aux alertes mails pour recevoir les infos en temps r\u00e9el<\/p>\n<p>    S&rsquo;abonner aux alertes de news<\/p>\n","protected":false},"excerpt":{"rendered":"Un freinage juste avant une relance de course, \u00e0 la suite d&rsquo;une intervention de la voiture de s\u00e9curit\u00e9,&hellip;\n","protected":false},"author":2,"featured_media":230932,"comment_status":"","ping_status":"","sticky":false,"template":"","format":"standard","meta":{"footnotes":""},"categories":[1412],"tags":[1451,1452,1453,1454,1455,1011,27,23124,4475,2241,23125,60],"class_list":{"0":"post-230931","1":"post","2":"type-post","3":"status-publish","4":"format-standard","5":"has-post-thumbnail","7":"category-f1","8":"tag-f1","9":"tag-formula-1","10":"tag-formula1","11":"tag-formule-1","12":"tag-formule1","13":"tag-fr","14":"tag-france","15":"tag-gp-de-grande-bretagne","16":"tag-mclaren","17":"tag-oscar-piastri","18":"tag-silverstone","19":"tag-sports"},"share_on_mastodon":{"url":"https:\/\/pubeurope.com\/@fr\/114807515579943958","error":""},"_links":{"self":[{"href":"https:\/\/www.europesays.com\/fr\/wp-json\/wp\/v2\/posts\/230931","targetHints":{"allow":["GET"]}}],"collection":[{"href":"https:\/\/www.europesays.com\/fr\/wp-json\/wp\/v2\/posts"}],"about":[{"href":"https:\/\/www.europesays.com\/fr\/wp-json\/wp\/v2\/types\/post"}],"author":[{"embeddable":true,"href":"https:\/\/www.europesays.com\/fr\/wp-json\/wp\/v2\/users\/2"}],"replies":[{"embeddable":true,"href":"https:\/\/www.europesays.com\/fr\/wp-json\/wp\/v2\/comments?post=230931"}],"version-history":[{"count":0,"href":"https:\/\/www.europesays.com\/fr\/wp-json\/wp\/v2\/posts\/230931\/revisions"}],"wp:featuredmedia":[{"embeddable":true,"href":"https:\/\/www.europesays.com\/fr\/wp-json\/wp\/v2\/media\/230932"}],"wp:attachment":[{"href":"https:\/\/www.europesays.com\/fr\/wp-json\/wp\/v2\/media?parent=230931"}],"wp:term":[{"taxonomy":"category","embeddable":true,"href":"https:\/\/www.europesays.com\/fr\/wp-json\/wp\/v2\/categories?post=230931"},{"taxonomy":"post_tag","embeddable":true,"href":"https:\/\/www.europesays.com\/fr\/wp-json\/wp\/v2\/tags?post=230931"}],"curies":[{"name":"wp","href":"https:\/\/api.w.org\/{rel}","templated":true}]}}