{"id":230936,"date":"2025-07-06T17:42:10","date_gmt":"2025-07-06T17:42:10","guid":{"rendered":"https:\/\/www.europesays.com\/fr\/230936\/"},"modified":"2025-07-06T17:42:10","modified_gmt":"2025-07-06T17:42:10","slug":"ce-role-crucial-confie-a-kate-middleton-pour-la-visite-detat-de-brigitte-et-emmanuel-macron-a-windsor","status":"publish","type":"post","link":"https:\/\/www.europesays.com\/fr\/230936\/","title":{"rendered":"Ce r\u00f4le crucial confi\u00e9 \u00e0 Kate Middleton pour la visite d\u2019\u00c9tat de Brigitte et Emmanuel Macron \u00e0 Windsor"},"content":{"rendered":"<p>                             Par L\u00e9a Mabilon<\/p>\n<p>                Le 6 juillet 2025 \u00e0 17h15<\/p>\n<p>    Le prince William et Kate Middleton au service de l\u2019Ordre de la Jarreti\u00e8re \u00e0 la chapelle Saint-Georges \u00e0 Windsor, le 16 juin 2025.<br \/>\n                Max Mumby\/Indigo \/ Getty Images<\/p>\n<p>Pour la visite d\u2019\u00c9tat du couple pr\u00e9sidentiel fran\u00e7ais au Royaume-Uni, la princesse de Galles devrait \u00eatre aux premi\u00e8res loges.<\/p>\n<p class=\"fig-paragraph\">La semaine prochaine, tous les regards vont se tourner vers Windsor. En effet, le pr\u00e9sident\u00a0<a href=\"http:\/\/madame.lefigaro.fr\/style\/news\/brigitte-et-emmanuel-macron-une-arrivee-tres-elegante-au-diner-de-l-otan-aux-pays-bas-20250626\" data-fig-type=\"Article\" data-gtm-custom-categorie=\"navigation\" data-gtm-custom-action=\"crossclick\" data-gtm-custom-label=\"Contextuel\" data-gtm-event=\"customEventSPE\" data-fig-domain=\"MADAME\" target=\"_blank\" rel=\"noopener\">Emmanuel Macron<\/a>\u00a0et son \u00e9pouse Brigitte doivent se rendre au Royaume-Uni pour une visite d\u2019\u00c9tat hautement symbolique. Si le roi Charles III et la reine Camilla seront bien s\u00fbr au centre des \u00e9changes, une autre figure royale est attendue avec une attention toute particuli\u00e8re\u00a0: la princesse de Galles.<\/p>\n<p class=\"fig-paragraph\">Alors que les fans royaux sp\u00e9culent encore sur sa pr\u00e9sence, Kate Middleton, 43 ans, devrait jouer un r\u00f4le cl\u00e9 dans cette visite, comme le rapporte le\u00a0<a href=\"https:\/\/www.express.co.uk\/news\/royal\/2077337\/princess-kate-french-state-visit?int_source=nba\" target=\"_blank\" rel=\"nofollow noopener\" data-gtm-custom-categorie=\"navigation\" data-gtm-custom-action=\"crossclick\" data-gtm-custom-label=\"Contextuel\" data-gtm-event=\"customEventSPE\">Daily Express<\/a> . Aux c\u00f4t\u00e9s de son \u00e9poux, le\u00a0<a href=\"http:\/\/madame.lefigaro.fr\/celebrites\/actu-people\/une-si-triste-nouvelle-les-hommages-du-prince-william-et-de-david-beckham-apres-la-mort-de-diogo-jota-20250703\" data-fig-type=\"Article\" data-gtm-custom-categorie=\"navigation\" data-gtm-custom-action=\"crossclick\" data-gtm-custom-label=\"Contextuel\" data-gtm-event=\"customEventSPE\" data-fig-domain=\"MADAME\" target=\"_blank\" rel=\"noopener\">prince William,<\/a>\u00a0c\u2019est \u00e0 elle qu\u2019il reviendra d\u2019accueillir le couple pr\u00e9sidentiel fran\u00e7ais d\u00e8s leur arriv\u00e9e \u00e0 Londres, mardi. Ensemble, ils voyageront en voiture avec Emmanuel et Brigitte Macron jusqu\u2019au ch\u00e2teau de Windsor, o\u00f9 doit ensuite d\u00e9buter le protocole officiel organis\u00e9 par Buckingham Palace. L\u00e0-bas, ils seront cette fois accueillis par le roi et la reine.<\/p>\n<p>                                    <a class=\"fig-a11y-skip a11y-hidden\" href=\"#fig-a11y-skip-main-inarticle\"><br \/>\n        Passer la publicit\u00e9<br \/>\n    <\/a><\/p>\n<p class=\"fig-paragraph\">La m\u00e8re de George, Charlotte et Louis prendra \u00e9galement part \u00e0 la procession en cal\u00e8che qui traversera la ville jusqu\u2019\u00e0 Windsor, en hommage aux grandes traditions royales britanniques. Sur l\u2019estrade royale de Datchet Road, elle assistera \u00e0 la salve d\u2019honneur et au d\u00e9fil\u00e9 militaire donn\u00e9 en l\u2019honneur du pr\u00e9sident fran\u00e7ais.<\/p>\n<p class=\"fig-body-link&#10;    \">\n            \u00c0 lire aussi<br \/>\n        <a class=\"fig-body-link__link\" href=\"http:\/\/madame.lefigaro.fr\/celebrites\/actu-people\/l-absence-de-kate-middleton-au-royal-ascot-fait-souffler-un-vent-d-inquietude-sur-l-etat-de-sante-de-la-princesse-20250620\" data-fig-type=\"Article\" data-gtm-custom-categorie=\"navigation\" data-gtm-custom-action=\"crossclick\" data-gtm-custom-label=\"Contextuel\" data-gtm-event=\"customEventSPE\" data-fig-domain=\"MADAME\" target=\"_blank\" rel=\"noopener\">L\u2019absence de Kate Middleton au Royal Ascot fait souffler un vent d\u2019inqui\u00e9tude sur l\u2019\u00e9tat de sant\u00e9 de la princesse<\/a>\n<\/p>\n<p>Des progr\u00e8s notables<\/p>\n<p class=\"fig-paragraph\">Depuis l\u2019annonce de son cancer et le d\u00e9but de sa convalescence, cette visite repr\u00e9sente l\u2019un de ses premiers engagements diplomatiques majeurs. L\u2019\u00e9pouse du prince William est revenue progressivement sur le devant de la sc\u00e8ne ces derniers mois, bien qu\u2019elle ait aussi manqu\u00e9 plusieurs \u00e9v\u00e9nements importants, comme la traditionnelle messe de P\u00e2ques c\u00e9l\u00e9br\u00e9e \u00e0 la chapelle Saint George \u00e0 Windsor, en avril dernier. Avant cela, en d\u00e9cembre 2024, elle avait pris part \u00e0 une visite d\u2019\u00c9tat du Qatar, mais n\u2019avait pas assist\u00e9 au banquet d\u2019honneur. Sa participation cette fois-ci, attendue \u00e0 chaque \u00e9tape de la journ\u00e9e, marquera une progression notable dans ses engagements royaux.<\/p>\n","protected":false},"excerpt":{"rendered":"Par L\u00e9a Mabilon Le 6 juillet 2025 \u00e0 17h15 Le prince William et Kate Middleton au service de&hellip;\n","protected":false},"author":2,"featured_media":230937,"comment_status":"","ping_status":"","sticky":false,"template":"","format":"standard","meta":{"footnotes":""},"categories":[1359],"tags":[58,59,1011,27,5858,973,971],"class_list":{"0":"post-230936","1":"post","2":"type-post","3":"status-publish","4":"format-standard","5":"has-post-thumbnail","7":"category-people","8":"tag-divertissement","9":"tag-entertainment","10":"tag-fr","11":"tag-france","12":"tag-kate-middleton","13":"tag-people","14":"tag-royaute"},"share_on_mastodon":{"url":"https:\/\/pubeurope.com\/@fr\/114807527440435735","error":""},"_links":{"self":[{"href":"https:\/\/www.europesays.com\/fr\/wp-json\/wp\/v2\/posts\/230936","targetHints":{"allow":["GET"]}}],"collection":[{"href":"https:\/\/www.europesays.com\/fr\/wp-json\/wp\/v2\/posts"}],"about":[{"href":"https:\/\/www.europesays.com\/fr\/wp-json\/wp\/v2\/types\/post"}],"author":[{"embeddable":true,"href":"https:\/\/www.europesays.com\/fr\/wp-json\/wp\/v2\/users\/2"}],"replies":[{"embeddable":true,"href":"https:\/\/www.europesays.com\/fr\/wp-json\/wp\/v2\/comments?post=230936"}],"version-history":[{"count":0,"href":"https:\/\/www.europesays.com\/fr\/wp-json\/wp\/v2\/posts\/230936\/revisions"}],"wp:featuredmedia":[{"embeddable":true,"href":"https:\/\/www.europesays.com\/fr\/wp-json\/wp\/v2\/media\/230937"}],"wp:attachment":[{"href":"https:\/\/www.europesays.com\/fr\/wp-json\/wp\/v2\/media?parent=230936"}],"wp:term":[{"taxonomy":"category","embeddable":true,"href":"https:\/\/www.europesays.com\/fr\/wp-json\/wp\/v2\/categories?post=230936"},{"taxonomy":"post_tag","embeddable":true,"href":"https:\/\/www.europesays.com\/fr\/wp-json\/wp\/v2\/tags?post=230936"}],"curies":[{"name":"wp","href":"https:\/\/api.w.org\/{rel}","templated":true}]}}