{"id":230938,"date":"2025-07-06T17:43:18","date_gmt":"2025-07-06T17:43:18","guid":{"rendered":"https:\/\/www.europesays.com\/fr\/230938\/"},"modified":"2025-07-06T17:43:18","modified_gmt":"2025-07-06T17:43:18","slug":"a-lamballe-armor-la-32e-moisson-dimages-recolte-les-compliments","status":"publish","type":"post","link":"https:\/\/www.europesays.com\/fr\/230938\/","title":{"rendered":"\u00c0 Lamballe-Armor, la 32e Moisson d\u2019images r\u00e9colte les compliments\ufeff"},"content":{"rendered":"<p>\u00ab\u00a0On a une mont\u00e9e en gamme cette ann\u00e9e, une qualit\u00e9 qui d\u00e9passe le niveau amateur, que ce soit pour la technique comme pour le coup d\u2019\u0153il\u00a0\u00bb, f\u00e9licite <a href=\"https:\/\/www.letelegramme.fr\/cotes-d-armor\/lamballe-armor-22400\/spanphotospan-emmanuel-rousseau-portraitiste-de-france-1142691.php\" target=\"_blank\" rel=\"noopener\">Emmanuel Rousseau<\/a>, photographe professionnel lamballais \u00e0 la retraite, apr\u00e8s avoir d\u00e9couvert les clich\u00e9s format XXL parsem\u00e9s tout au long du chemin bordant le plan d\u2019eau de la Ville-Gaudu, \u00e0 Lamballe-Armor, o\u00f9 a \u00e9t\u00e9 inaugur\u00e9e la 32e \u00e9dition de Moisson d\u2019images, d\u00e9velopp\u00e9e par l\u2019association Le comptoir des arts, ce vendredi 4 juillet.<\/p>\n<p><img decoding=\"async\" src=\"https:\/\/www.europesays.com\/fr\/wp-content\/uploads\/2025\/07\/686949f09a8a83d7c605d3b3.1.jpeg\" width=\"480\" height=\"300\" class=\"web_golden_m\" loading=\"lazy\" alt=\"Photographe amateure du Gouray, Ang\u00e9lina Besnard a \u00e9t\u00e9 mise \u00e0 l\u2019honneur, lors de l\u2019inauguration de cette 32e \u00e9dition de Moisson d\u2019images, vendredi 4\u00a0juillet.\"\/>Photographe amateure du Gouray, Ang\u00e9lina Besnard a \u00e9t\u00e9 mise \u00e0 l\u2019honneur, lors de l\u2019inauguration de cette 32e \u00e9dition de Moisson d\u2019images, vendredi 4\u00a0juillet. (Le T\u00e9l\u00e9gramme\/Corentin Le Doujet)Quatre lieux en ext\u00e9rieur \u00e0 Lamballe<\/p>\n<p>\u00ab\u00a0Sur les 23 lieux d\u2019exposition photo, cinq sont en ext\u00e9rieur, dont quatre \u00e0 Lamballe. On peut voir 21 photos autour du plan d\u2019eau, 20 sur le Chemin des lavoirs, seize sur les Terrasses du haras et 50 sur le Chemin des palefreniers\u00a0\u00bb, d\u00e9taille <a href=\"https:\/\/www.letelegramme.fr\/cotes-d-armor\/lamballe-armor-22400\/a-lamballe-armor-le-comptoir-des-arts-prepare-sa-31e-moisson-dimages-6609950.php\" target=\"_blank\" rel=\"noopener\">Serge Andrieux<\/a>, animateur photo de l\u2019association organisatrice, qui \u00e9gr\u00e8ne une premi\u00e8re r\u00e9colte de ses \u0153uvres photographiques du 4 juillet au 3 octobre, avant une seconde mouture du 3 octobre au 9 janvier 2026.<\/p>\n<p><img decoding=\"async\" src=\"https:\/\/www.europesays.com\/fr\/wp-content\/uploads\/2025\/07\/686949f0621fb9a57c026892.1.jpeg\" width=\"480\" height=\"300\" class=\"web_golden_m\" loading=\"lazy\" alt=\"Les photos au grand format sont visibles dans divers endroits de Lamballe-Armor, du plan d\u2019eau de la Ville-Gaudu au haras, les formats plus r\u00e9duits sont \u00e0 voir dans 18 lieux en int\u00e9rieur.\"\/>Les photos au grand format sont visibles dans divers endroits de Lamballe-Armor, du plan d\u2019eau de la Ville-Gaudu au haras, les formats plus r\u00e9duits sont \u00e0 voir dans 18 lieux en int\u00e9rieur. (Le T\u00e9l\u00e9gramme\/Corentin Le Doujet)Du resto \u00e0 la carrosserie<\/p>\n<p>Parmi les 18 sites d\u2019exposition en int\u00e9rieur, certains lieux s\u2019av\u00e8rent atypiques. \u00ab\u00a0On expose dans les biblioth\u00e8ques de Pl\u00e9n\u00e9e-Jugon, Land\u00e9hen et Plestan, mais aussi dans un h\u00f4tel \u00e0 Dinan, au conservatoire de Lamballe, dans une banque et m\u00eame dans des carrosseries\u00a0\u00bb, d\u00e9roule le photographe animateur. Et d\u2019en profiter pour mettre en lumi\u00e8re \u00ab\u00a0la r\u00e9v\u00e9lation photo de cette ann\u00e9e, <a href=\"https:\/\/www.instagram.com\/angel_iina_b\/\" target=\"_blank\" rel=\"noopener\">Ang\u00e9lina Besnard<\/a>, une v\u00e9ritable artiste\u00a0\u00bb. R\u00e9sidant au Gouray, l\u2019auteure photographe, r\u00e9cemment prim\u00e9e, expose sa s\u00e9rie \u00ab\u00a0D\u2019ici et d\u2019ailleurs en noir et blanc\u00a0\u00bb, jusqu\u2019au 3 octobre, au restaurant Les Cocottes Papotent, rue Calmette, au centre-ville de Lamballe.<\/p>\n<p><img decoding=\"async\" src=\"https:\/\/www.europesays.com\/fr\/wp-content\/uploads\/2025\/07\/686949f003836ad4b7021593.1.jpeg\" width=\"480\" height=\"300\" class=\"web_golden_m\" loading=\"lazy\" alt=\"Les photos au grand format sont visibles dans divers endroits de Lamballe, du plan d\u2019eau de la Ville-Gaudu au haras.\"\/>Les photos au grand format sont visibles dans divers endroits de Lamballe, du plan d\u2019eau de la Ville-Gaudu au haras. (Le T\u00e9l\u00e9gramme\/Corentin Le Doujet)Partenariat avec le coll\u00e8ge Simone-Veil<\/p>\n<p>Travaillant \u00e9galement l\u2019angle de la transmission, l\u2019association Le Comptoir des arts reprendra le chemin de l\u2019\u00e9cole \u00e0 la rentr\u00e9e de septembre, avec comme objectif dans son cartable de r\u00e9v\u00e9ler la fibre environnementale des coll\u00e9giens de Simone-Veil. \u00ab\u00a0Ce sera notre troisi\u00e8me ann\u00e9e de partenariat avec l\u2019association, qui pr\u00eate des appareils photos \u00e0 une soixantaine d\u2019\u00e9l\u00e8ves de sixi\u00e8me, dans le cadre de notre <a href=\"https:\/\/www.letelegramme.fr\/cotes-d-armor\/lamballe-armor-22400\/a-lamballe-armor-ces-collegiens-de-simone-veil-mettent-fin-a-un-an-de-travail-sur-la-biodiversite-6613745.php\" target=\"_blank\" rel=\"noopener\">Aire terrestre \u00e9ducative<\/a>. L\u2019id\u00e9e est d\u2019inviter les \u00e9l\u00e8ves \u00e0 mieux conna\u00eetre l\u2019environnement qui les entoure, en le photographiant, pour mieux le pr\u00e9server par la suite\u00a0\u00bb, r\u00e9sument \u00c9milie Cadieu et \u00c9milie Guinot, enseignantes du coll\u00e8ge Simone-Veil, l\u2019\u0153il braqu\u00e9 sur la sensibilisation \u00e0 la biodiversit\u00e9.<\/p>\n<p>Pratique<\/p>\n<p class=\"note\">32e Moisson d\u2019images, par l\u2019association Le Comptoir des arts, du 4 juillet 2025 au 9 janvier 2026. Renseignements\u00a0: t\u00e9l. 02\u00a096\u00a050\u00a002\u00a084\u00a0; Page Facebook\u00a0: <a href=\"https:\/\/www.facebook.com\/profile.php?id=100072079412405\" target=\"_blank\" rel=\"noopener\">Comptoir des Arts &#8211; Lamballe<\/a><\/p>\n<p><script async src=\"\/\/www.instagram.com\/embed.js\"><\/script><\/p>\n","protected":false},"excerpt":{"rendered":"\u00ab\u00a0On a une mont\u00e9e en gamme cette ann\u00e9e, une qualit\u00e9 qui d\u00e9passe le niveau amateur, que ce soit&hellip;\n","protected":false},"author":2,"featured_media":230939,"comment_status":"","ping_status":"","sticky":false,"template":"","format":"standard","meta":{"footnotes":""},"categories":[1358],"tags":[1348,1384,1385,1386,3472,58,59,1011,27,2170,2172,36991,36992],"class_list":{"0":"post-230938","1":"post","2":"type-post","3":"status-publish","4":"format-standard","5":"has-post-thumbnail","7":"category-arts-et-design","8":"tag-arts","9":"tag-arts-and-design","10":"tag-arts-et-design","11":"tag-design","12":"tag-dinan","13":"tag-divertissement","14":"tag-entertainment","15":"tag-fr","16":"tag-france","17":"tag-lamballe-armor","18":"tag-landehen","19":"tag-plenee-jugon","20":"tag-plestan"},"share_on_mastodon":{"url":"https:\/\/pubeurope.com\/@fr\/114807531733529184","error":""},"_links":{"self":[{"href":"https:\/\/www.europesays.com\/fr\/wp-json\/wp\/v2\/posts\/230938","targetHints":{"allow":["GET"]}}],"collection":[{"href":"https:\/\/www.europesays.com\/fr\/wp-json\/wp\/v2\/posts"}],"about":[{"href":"https:\/\/www.europesays.com\/fr\/wp-json\/wp\/v2\/types\/post"}],"author":[{"embeddable":true,"href":"https:\/\/www.europesays.com\/fr\/wp-json\/wp\/v2\/users\/2"}],"replies":[{"embeddable":true,"href":"https:\/\/www.europesays.com\/fr\/wp-json\/wp\/v2\/comments?post=230938"}],"version-history":[{"count":0,"href":"https:\/\/www.europesays.com\/fr\/wp-json\/wp\/v2\/posts\/230938\/revisions"}],"wp:featuredmedia":[{"embeddable":true,"href":"https:\/\/www.europesays.com\/fr\/wp-json\/wp\/v2\/media\/230939"}],"wp:attachment":[{"href":"https:\/\/www.europesays.com\/fr\/wp-json\/wp\/v2\/media?parent=230938"}],"wp:term":[{"taxonomy":"category","embeddable":true,"href":"https:\/\/www.europesays.com\/fr\/wp-json\/wp\/v2\/categories?post=230938"},{"taxonomy":"post_tag","embeddable":true,"href":"https:\/\/www.europesays.com\/fr\/wp-json\/wp\/v2\/tags?post=230938"}],"curies":[{"name":"wp","href":"https:\/\/api.w.org\/{rel}","templated":true}]}}