{"id":230950,"date":"2025-07-06T17:50:12","date_gmt":"2025-07-06T17:50:12","guid":{"rendered":"https:\/\/www.europesays.com\/fr\/230950\/"},"modified":"2025-07-06T17:50:12","modified_gmt":"2025-07-06T17:50:12","slug":"de-plus-en-plus-grand-raphael-elmaleh-11-ans-attire-tous-les-regards-au-jumping-de-monte-carlo","status":"publish","type":"post","link":"https:\/\/www.europesays.com\/fr\/230950\/","title":{"rendered":"De plus en plus grand, Rapha\u00ebl Elmaleh, 11 ans, attire tous les regards au Jumping de Monte-Carlo"},"content":{"rendered":"<p>                             Par L\u00e9a Mabilon<\/p>\n<p>                Le 6 juillet 2025 \u00e0 16h15<\/p>\n<p>    Rapha\u00ebl Elmaleh au Jumping de Monte-Carlo, le 4 juillet 2025.<br \/>\n                Coust Laurent\/ABACA<\/p>\n<p>Le 4 juillet 2025, Charlotte Casiraghi a foul\u00e9 le sable du port Hercule en compagnie de son fils Rapha\u00ebl. Une apparition qui a captiv\u00e9 les regards, tant le fils de l\u2019humoriste a grandi.<\/p>\n<p class=\"fig-paragraph\">Il n\u2019a que 11 ans, mais poss\u00e8de d\u00e9j\u00e0 l\u2019\u00e9l\u00e9gance de sa m\u00e8re et les yeux per\u00e7ants de son p\u00e8re.\u00a0<a href=\"http:\/\/madame.lefigaro.fr\/celebrites\/actu-people\/le-fils-de-charlotte-casiraghi-raphael-elmaleh-enfant-de-choeur-a-la-messe-de-paques-20240401\" data-fig-type=\"Article\" data-gtm-custom-categorie=\"navigation\" data-gtm-custom-action=\"crossclick\" data-gtm-custom-label=\"Contextuel\" data-gtm-event=\"customEventSPE\" data-fig-domain=\"MADAME\" target=\"_blank\" rel=\"noopener\">Rapha\u00ebl Elmaleh<\/a>, fils de\u00a0<a href=\"http:\/\/madame.lefigaro.fr\/celebrites\/culture\/charlotte-casiraghi-il-ne-suffit-pas-de-dire-la-verite-il-faut-la-rendre-aussi-supportable-et-assimilable-20250608\" data-fig-type=\"Article\" data-gtm-custom-categorie=\"navigation\" data-gtm-custom-action=\"crossclick\" data-gtm-custom-label=\"Contextuel\" data-gtm-event=\"customEventSPE\" data-fig-domain=\"MADAME\" target=\"_blank\" rel=\"noopener\">Charlotte Casiraghi<\/a>\u00a0et de Gad Elmaleh, a ainsi rayonn\u00e9 lors de son apparition, ce vendredi, \u00e0 la deuxi\u00e8me journ\u00e9e du Jumping International de Monte\u2011Carlo, organis\u00e9 sur le Port Hercule \u00e0 Monaco, cadre embl\u00e9matique situ\u00e9 au pied du Rocher princier.<\/p>\n<p class=\"fig-paragraph\">Sur le sable mon\u00e9gasque, le jeune gar\u00e7on portait une \u00e9l\u00e9gante chemise bleue en jean fin. Il accompagnait, comme \u00e0 son habitude, les membres de sa famille maternelle, dont sa m\u00e8re, sa grand-m\u00e8re, la princesse\u00a0<a href=\"http:\/\/madame.lefigaro.fr\/celebrites\/actu-people\/india-casiraghi-la-petite-fille-de-caroline-de-monaco-fait-ses-premiers-pas-de-mannequin-20250221\" data-fig-type=\"Article\" data-gtm-custom-categorie=\"navigation\" data-gtm-custom-action=\"crossclick\" data-gtm-custom-label=\"Contextuel\" data-gtm-event=\"customEventSPE\" data-fig-domain=\"MADAME\" target=\"_blank\" rel=\"noopener\">Caroline de Monaco<\/a>, ou encore sa tante, Alexandra de Hanovre.<\/p>\n<p class=\"fig-body-link&#10;    \">\n            \u00c0 lire aussi<br \/>\n        <a class=\"fig-body-link__link\" href=\"http:\/\/madame.lefigaro.fr\/celebrites\/culture\/charlotte-casiraghi-il-ne-suffit-pas-de-dire-la-verite-il-faut-la-rendre-aussi-supportable-et-assimilable-20250608\" data-fig-type=\"Article\" data-gtm-custom-categorie=\"navigation\" data-gtm-custom-action=\"crossclick\" data-gtm-custom-label=\"Contextuel\" data-gtm-event=\"customEventSPE\" data-fig-domain=\"MADAME\" target=\"_blank\" rel=\"noopener\">Charlotte Casiraghi\u00a0: \u00abIl ne suffit pas de dire la v\u00e9rit\u00e9\u00a0: il faut la rendre aussi supportable et assimilable\u00bb<\/a>\n<\/p>\n<p>    Les membres du clan Casirahi au Jumping Jumping de Monte-Carlo.<br \/>\n                Coust Laurent\/ABACA<\/p>\n<p>    Rapha\u00ebl Elmaleh.<br \/>\n                Coust Laurent\/ABACA<\/p>\n<p>                                    <a class=\"fig-a11y-skip a11y-hidden\" href=\"#fig-a11y-skip-main-inarticle\"><br \/>\n        Passer la publicit\u00e9<br \/>\n    <\/a><\/p>\n<p class=\"fig-paragraph\">Le 24 mai dernier, Rapha\u00ebl Elmaleh s\u2019\u00e9tait \u00e9galement laiss\u00e9 prendre au jeu des photographes lors du Grand Prix de Formule 1 de Monaco. Avec une assurance presque d\u00e9routante, il s\u2019\u00e9tait affich\u00e9, toujours aux c\u00f4t\u00e9s de sa m\u00e8re, lunettes viss\u00e9es sur la t\u00eate, chemise en jean et veste couleur camel. Et d\u00e9j\u00e0, l\u2019\u00e9l\u00e9gance des Casiraghi.<\/p>\n<p>    Rapha\u00ebl Elmaleh au Grand Prix F1 de Monaco.<br \/>\n                IPA\/ABACA<\/p>\n","protected":false},"excerpt":{"rendered":"Par L\u00e9a Mabilon Le 6 juillet 2025 \u00e0 16h15 Rapha\u00ebl Elmaleh au Jumping de Monte-Carlo, le 4 juillet&hellip;\n","protected":false},"author":2,"featured_media":230951,"comment_status":"","ping_status":"","sticky":false,"template":"","format":"standard","meta":{"footnotes":""},"categories":[8],"tags":[4549,58,59,1011,27,4545,3127],"class_list":{"0":"post-230950","1":"post","2":"type-post","3":"status-publish","4":"format-standard","5":"has-post-thumbnail","7":"category-divertissement","8":"tag-charlotte-casiraghi","9":"tag-divertissement","10":"tag-entertainment","11":"tag-fr","12":"tag-france","13":"tag-gad-elmaleh","14":"tag-monaco"},"share_on_mastodon":{"url":"https:\/\/pubeurope.com\/@fr\/114807558958141458","error":""},"_links":{"self":[{"href":"https:\/\/www.europesays.com\/fr\/wp-json\/wp\/v2\/posts\/230950","targetHints":{"allow":["GET"]}}],"collection":[{"href":"https:\/\/www.europesays.com\/fr\/wp-json\/wp\/v2\/posts"}],"about":[{"href":"https:\/\/www.europesays.com\/fr\/wp-json\/wp\/v2\/types\/post"}],"author":[{"embeddable":true,"href":"https:\/\/www.europesays.com\/fr\/wp-json\/wp\/v2\/users\/2"}],"replies":[{"embeddable":true,"href":"https:\/\/www.europesays.com\/fr\/wp-json\/wp\/v2\/comments?post=230950"}],"version-history":[{"count":0,"href":"https:\/\/www.europesays.com\/fr\/wp-json\/wp\/v2\/posts\/230950\/revisions"}],"wp:featuredmedia":[{"embeddable":true,"href":"https:\/\/www.europesays.com\/fr\/wp-json\/wp\/v2\/media\/230951"}],"wp:attachment":[{"href":"https:\/\/www.europesays.com\/fr\/wp-json\/wp\/v2\/media?parent=230950"}],"wp:term":[{"taxonomy":"category","embeddable":true,"href":"https:\/\/www.europesays.com\/fr\/wp-json\/wp\/v2\/categories?post=230950"},{"taxonomy":"post_tag","embeddable":true,"href":"https:\/\/www.europesays.com\/fr\/wp-json\/wp\/v2\/tags?post=230950"}],"curies":[{"name":"wp","href":"https:\/\/api.w.org\/{rel}","templated":true}]}}