{"id":230952,"date":"2025-07-06T17:51:10","date_gmt":"2025-07-06T17:51:10","guid":{"rendered":"https:\/\/www.europesays.com\/fr\/230952\/"},"modified":"2025-07-06T17:51:10","modified_gmt":"2025-07-06T17:51:10","slug":"une-vision-inedite-de-lunivers-les-revelations-du-fond-diffus-cosmologique-ouvrent-une-nouvelle-ere-en-astrophysique","status":"publish","type":"post","link":"https:\/\/www.europesays.com\/fr\/230952\/","title":{"rendered":"Une vision in\u00e9dite de l\u2019Univers : les r\u00e9v\u00e9lations du fond diffus cosmologique ouvrent une nouvelle \u00e8re en astrophysique"},"content":{"rendered":"<tr>\n<td><strong>EN BREF<\/strong><\/td>\n<\/tr>\n<tr>\n<td>\n<ul>\n<li>\u2728 Une image in\u00e9dite du fond diffus cosmologique offre une vue haute d\u00e9finition de l\u2019<strong>Univers primordial<\/strong>.<\/li>\n<li>\ud83d\udd0d La <strong>polarisation<\/strong> de la lumi\u00e8re permet de reconstituer les mouvements de la <strong>mati\u00e8re<\/strong> dans l\u2019Univers jeune.<\/li>\n<li>\ud83d\udef0\ufe0f Les donn\u00e9es de l\u2019ACT compl\u00e8tent celles du satellite Planck, apportant des d\u00e9tails <strong>sans pr\u00e9c\u00e9dent<\/strong> sur les premi\u00e8res phases cosmiques.<\/li>\n<li>\ud83d\udd2d L\u2019ACT pr\u00e9pare le terrain pour de futures d\u00e9couvertes avec l\u2019observatoire Simons, promettant d\u2019approfondir notre compr\u00e9hension de l\u2019<strong>\u00e9volution cosmique<\/strong>.<\/li>\n<\/ul>\n<\/td>\n<\/tr>\n<p>La r\u00e9cente combinaison des donn\u00e9es du t\u00e9lescope cosmologique d\u2019Atacama (ACT) et du satellite Planck a permis de capturer une image in\u00e9dite du fond diffus cosmologique. Cette avanc\u00e9e technologique offre une vue sans pr\u00e9c\u00e9dent de l\u2019Univers primordial. Les variations de couleur sur cette image r\u00e9v\u00e8lent des d\u00e9tails jusque-l\u00e0 inconnus sur la densit\u00e9 de la mati\u00e8re peu apr\u00e8s le Big Bang. Les informations obtenues ne sont pas seulement une prouesse technique, mais aussi une avanc\u00e9e significative pour notre compr\u00e9hension de l\u2019Univers. Cette approche permet de visualiser les pr\u00e9mices des \u00e9toiles et galaxies, offrant un instantan\u00e9 fascinant de l\u2019Univers dans sa prime jeunesse.<\/p>\n<p>Le fond diffus cosmologique : une lumi\u00e8re ancestrale<\/p>\n<p>Le fond diffus cosmologique (CMB) est la plus ancienne lumi\u00e8re de l\u2019Univers. \u00c9mise environ 380 000 ans apr\u00e8s le Big Bang, elle constitue un rayonnement micro-ondes qui emplit l\u2019espace uniform\u00e9ment. Cette lumi\u00e8re est un t\u00e9moin silencieux de l\u2019\u00e9poque o\u00f9 l\u2019Univers est devenu transparent, laissant les photons voyager librement pour la premi\u00e8re fois. Avant cette p\u00e9riode, l\u2019Univers \u00e9tait une soupe chaude et dense o\u00f9 la lumi\u00e8re ne pouvait pas se propager sans entrave.<\/p>\n<p>Les minuscules variations de temp\u00e9rature dans le CMB sont cruciales, car elles refl\u00e8tent les fluctuations de densit\u00e9 de la mati\u00e8re \u00e0 ses d\u00e9buts. Ces fluctuations sont les graines qui donneront naissance aux structures cosmiques actuelles, comme les galaxies et les amas de galaxies. <strong>Comprendre ces variations est essentiel pour tester des th\u00e9ories sur l\u2019origine et l\u2019\u00e9volution de l\u2019Univers.<\/strong> Les donn\u00e9es r\u00e9centes de l\u2019ACT enrichissent notre connaissance de ces premi\u00e8res phases cosmiques avec des d\u00e9tails sans pr\u00e9c\u00e9dent.<\/p>\n<blockquote class=\"wp-embedded-content\" data-secret=\"nuTMaUCP5c\">\n<p><a href=\"https:\/\/www.innovant.fr\/2025\/06\/29\/james-webb-est-pret-a-traquer-les-aliens-le-telescope-vise-des-exoplanetes-ou-des-signes-biologiques-pourraient-apparaitre\/\" rel=\"nofollow noopener\" target=\"_blank\">\u00ab James Webb est pr\u00eat \u00e0 traquer les aliens \u00bb : le t\u00e9lescope vise des exoplan\u00e8tes o\u00f9 des signes biologiques pourraient appara\u00eetre<\/a><\/p>\n<\/blockquote>\n<p>La polarisation de la lumi\u00e8re : un t\u00e9moin de l\u2019histoire cosmique<\/p>\n<p>La polarisation de la lumi\u00e8re du CMB se produit lorsque cette lumi\u00e8re interagit avec les structures de densit\u00e9 pr\u00e9sentes dans l\u2019Univers jeune. Cette interaction modifie la direction de vibration des ondes lumineuses, fournissant ainsi des indices pr\u00e9cieux sur ces structures. <strong>L\u2019analyse de cette polarisation permet de reconstituer les mouvements de la mati\u00e8re dans l\u2019Univers primordial.<\/strong><\/p>\n<p>Gr\u00e2ce \u00e0 l\u2019ACT, ces signaux de polarisation ont \u00e9t\u00e9 captur\u00e9s avec une r\u00e9solution sans pr\u00e9c\u00e9dent, surpassant largement les capacit\u00e9s des instruments pr\u00e9c\u00e9dents comme Planck. Ces observations offrent une nouvelle perspective sur les processus physiques \u00e0 l\u2019\u0153uvre dans l\u2019Univers jeune. Cette compr\u00e9hension est cruciale pour percer les myst\u00e8res de la mati\u00e8re noire et de l\u2019\u00e9nergie sombre, qui dominent la composition de l\u2019Univers.<\/p>\n<blockquote class=\"wp-embedded-content\" data-secret=\"J17hUGWjlf\">\n<p><a href=\"https:\/\/www.innovant.fr\/2025\/07\/03\/phenomene-rare-en-approche-une-eclipse-solaire-totale-va-traverser-la-france-a-cette-date-desormais-confirmee\/\" rel=\"nofollow noopener\" target=\"_blank\">Ph\u00e9nom\u00e8ne rare en approche : une \u00e9clipse solaire totale va traverser la France \u00e0 cette date d\u00e9sormais confirm\u00e9e<\/a><\/p>\n<\/blockquote>\n<p>Les implications des d\u00e9couvertes de l\u2019ACT<\/p>\n<p>Les r\u00e9sultats issus des observations de l\u2019ACT ne se limitent pas seulement \u00e0 enrichir notre connaissance du pass\u00e9 de l\u2019Univers. Ils ont \u00e9galement des implications importantes pour notre compr\u00e9hension actuelle de l\u2019Univers. <strong>Erminia Calabrese souligne que l\u2019Univers observable s\u2019\u00e9tend sur pr\u00e8s de 50 milliards d\u2019ann\u00e9es-lumi\u00e8re<\/strong>, un chiffre qui donne le vertige et qui souligne l\u2019immensit\u00e9 de notre cosmos.<\/p>\n<p>L\u2019\u00e2ge de l\u2019Univers est d\u00e9sormais estim\u00e9 \u00e0 13,8 milliards d\u2019ann\u00e9es avec une pr\u00e9cision accrue. Ces avanc\u00e9es pr\u00e9parent le terrain pour le futur observatoire Simons, qui continuera l\u2019\u00e9tude du fond diffus cosmologique. Les donn\u00e9es recueillies offrent une opportunit\u00e9 unique de retracer l\u2019\u00e9volution cosmique, permettant de mieux comprendre les forces qui ont fa\u00e7onn\u00e9 l\u2019Univers tel que nous le connaissons aujourd\u2019hui.<\/p>\n<p><img decoding=\"async\" src=\"https:\/\/www.europesays.com\/fr\/wp-content\/uploads\/2025\/07\/decouverte-cosmique-majeure-ces-nouvelles-images-du-fond-diffus-cosmologique-revelent-des-secrets-in.jpeg\" alt=\"\"\/><\/p>\n<blockquote class=\"wp-embedded-content\" data-secret=\"tO8HigFox3\">\n<p><a href=\"https:\/\/www.innovant.fr\/2025\/03\/26\/7-000-abonnes-en-24-heures-cette-methode-youtube-fait-exploser-les-compteurs-sans-depenser-un-centime\/\" rel=\"nofollow noopener\" target=\"_blank\">7 000 abonn\u00e9s en 24 heures : cette m\u00e9thode YouTube fait exploser les compteurs sans d\u00e9penser un centime<\/a><\/p>\n<\/blockquote>\n<p>Les d\u00e9fis et perspectives futures<\/p>\n<p>Les avanc\u00e9es r\u00e9alis\u00e9es gr\u00e2ce aux donn\u00e9es de l\u2019ACT ne marquent que le d\u00e9but d\u2019une nouvelle \u00e8re de d\u00e9couvertes cosmologiques. <strong>Les d\u00e9fis techniques et scientifiques restent nombreux<\/strong>, mais les perspectives ouvertes par ces nouvelles donn\u00e9es sont excitantes. L\u2019observatoire Simons, qui prendra bient\u00f4t le relais, promet de pousser encore plus loin notre compr\u00e9hension du fond diffus cosmologique.<\/p>\n<p>Avec une r\u00e9solution cinq fois sup\u00e9rieure \u00e0 celle de Planck, l\u2019ACT offre d\u00e9j\u00e0 un aper\u00e7u d\u00e9taill\u00e9 des mouvements de la mati\u00e8re sous l\u2019effet de la gravit\u00e9. Les chercheurs continuent d\u2019affiner leurs mod\u00e8les pour int\u00e9grer ces nouvelles donn\u00e9es, esp\u00e9rant percer les myst\u00e8res de la mati\u00e8re noire et de l\u2019\u00e9nergie sombre. Quelle sera la prochaine grande r\u00e9v\u00e9lation sur l\u2019\u00e9volution cosmique ?<\/p>\n<p>L\u2019auteur s\u2019est appuy\u00e9 sur l\u2019intelligence artificielle pour enrichir cet article.<\/p>\n<p id=\"rating\">\u00c7a vous a plu ?\u00a04.5\/5 (22)<\/p>\n","protected":false},"excerpt":{"rendered":"EN BREF \u2728 Une image in\u00e9dite du fond diffus cosmologique offre une vue haute d\u00e9finition de l\u2019Univers primordial.&hellip;\n","protected":false},"author":2,"featured_media":230953,"comment_status":"","ping_status":"","sticky":false,"template":"","format":"standard","meta":{"footnotes":""},"categories":[7],"tags":[1011,27,43,40,41,39,42,44],"class_list":{"0":"post-230952","1":"post","2":"type-post","3":"status-publish","4":"format-standard","5":"has-post-thumbnail","7":"category-sciences-et-technologies","8":"tag-fr","9":"tag-france","10":"tag-science","11":"tag-science-and-technology","12":"tag-sciences","13":"tag-sciences-et-technologies","14":"tag-technologies","15":"tag-technology"},"share_on_mastodon":{"url":"https:\/\/pubeurope.com\/@fr\/114807562851126713","error":""},"_links":{"self":[{"href":"https:\/\/www.europesays.com\/fr\/wp-json\/wp\/v2\/posts\/230952","targetHints":{"allow":["GET"]}}],"collection":[{"href":"https:\/\/www.europesays.com\/fr\/wp-json\/wp\/v2\/posts"}],"about":[{"href":"https:\/\/www.europesays.com\/fr\/wp-json\/wp\/v2\/types\/post"}],"author":[{"embeddable":true,"href":"https:\/\/www.europesays.com\/fr\/wp-json\/wp\/v2\/users\/2"}],"replies":[{"embeddable":true,"href":"https:\/\/www.europesays.com\/fr\/wp-json\/wp\/v2\/comments?post=230952"}],"version-history":[{"count":0,"href":"https:\/\/www.europesays.com\/fr\/wp-json\/wp\/v2\/posts\/230952\/revisions"}],"wp:featuredmedia":[{"embeddable":true,"href":"https:\/\/www.europesays.com\/fr\/wp-json\/wp\/v2\/media\/230953"}],"wp:attachment":[{"href":"https:\/\/www.europesays.com\/fr\/wp-json\/wp\/v2\/media?parent=230952"}],"wp:term":[{"taxonomy":"category","embeddable":true,"href":"https:\/\/www.europesays.com\/fr\/wp-json\/wp\/v2\/categories?post=230952"},{"taxonomy":"post_tag","embeddable":true,"href":"https:\/\/www.europesays.com\/fr\/wp-json\/wp\/v2\/tags?post=230952"}],"curies":[{"name":"wp","href":"https:\/\/api.w.org\/{rel}","templated":true}]}}