{"id":230957,"date":"2025-07-06T17:54:13","date_gmt":"2025-07-06T17:54:13","guid":{"rendered":"https:\/\/www.europesays.com\/fr\/230957\/"},"modified":"2025-07-06T17:54:13","modified_gmt":"2025-07-06T17:54:13","slug":"26-departements-places-en-vigilance-voici-ou-ils-vont-frapper","status":"publish","type":"post","link":"https:\/\/www.europesays.com\/fr\/230957\/","title":{"rendered":"26 d\u00e9partements plac\u00e9s en vigilance, voici o\u00f9 ils vont frapper"},"content":{"rendered":"<p>            Par<br \/>\n        <strong><br \/>\n            <a href=\"https:\/\/actu.fr\/auteur\/redaction-actu\" title=\"Consulter tous les articles de R\u00e9daction Actu\" rel=\"nofollow noopener\" target=\"_blank\">R\u00e9daction Actu<\/a><br \/>\n        <\/strong><\/p>\n<p>        Publi\u00e9 le<\/p>\n<p>            6 juil. 2025 \u00e0 16h14        <\/p>\n<p>Apr\u00e8s la chaleur intense, c\u2019est au tour des <a href=\"https:\/\/actu.fr\/tag\/orages\" rel=\"nofollow noopener\" target=\"_blank\">orages<\/a> de frapper fort. Alors que la canicule s\u2019\u00e9vapore doucement par le sud, faisant chuter les temp\u00e9ratures, les orages prennent le dessus et s\u2019abattent sur la partie nord-est du pays.<\/p>\n<p class=\" wall-content\">Dans son bulletin de 16\u2009h, <a href=\"https:\/\/actu.fr\/tag\/meteo-france\" rel=\"nofollow noopener\" target=\"_blank\">M\u00e9t\u00e9o France<\/a> place 26 d\u00e9partements en vigilance jaune \u00ab\u2009orages\u2009\u00bb pour la journ\u00e9e de lundi 7 juillet 2025. Seulement deux d\u00e9partements sont en vigilance orange pour \u00ab\u2009canicule\u2009\u00bb\u2009: il s\u2019agit de la Haute-Corse et la Corse-du-Sud. Voici les pr\u00e9visions.<\/p>\n<p>Les d\u00e9partements en vigilance \u00ab\u2009orages\u2009\u00bb pour lundi 7\u00a0juillet 2025<\/p>\n<ul class=\" wall-content\">\n<li>Ain<\/li>\n<li>Allier<\/li>\n<li>Ardennes<\/li>\n<li>Aube<\/li>\n<li>C\u00f4te-d\u2019Or<\/li>\n<li>Doubs<\/li>\n<li>Is\u00e8re<\/li>\n<li>Jura<\/li>\n<li>Loire<\/li>\n<li>Marne<\/li>\n<li>Haute-Marne<\/li>\n<li>Meurthe-et-Moselle<\/li>\n<li>Meuse<\/li>\n<li>Moselle<\/li>\n<li>Ni\u00e8vre<\/li>\n<li>Puy-de-D\u00f4me<\/li>\n<li>Bas-Rhin<\/li>\n<li>Haut-Rhin<\/li>\n<li>Rh\u00f4ne<\/li>\n<li>Haute-Sa\u00f4ne<\/li>\n<li>Sa\u00f4ne-et-Loire<\/li>\n<li>Savoie<\/li>\n<li>Haute-Savoie<\/li>\n<li>Vosges<\/li>\n<li>Yonne<\/li>\n<li>Terr. de Belfort<\/li>\n<\/ul>\n<p class=\" wall-content\">\n<p>O\u00f9 vont frapper les orages\u2009?<\/p>\n<p class=\" wall-content\">Le soleil va dominer sur le Languedoc, la Provence-Alpes-C\u00f4te d\u2019Azur et la Corse. Sur le reste du pays, le temps sera <strong>tr\u00e8s nuageux le matin<\/strong>, accompagn\u00e9 d\u2019averses localement orageuses sur la moiti\u00e9 nord.<\/p>\n<p>Vid\u00e9os : en ce moment sur Actu<\/p>\n<p class=\" wall-content\">Dans la journ\u00e9e, ce temps agit\u00e9, avec un vent d\u2019ouest \u00e0 nord-ouest sensible, va peu \u00e0 peu se d\u00e9caler sur un grand quart nord-est du pays, jusqu\u2019\u00e0 l\u2019Auvergne-Rh\u00f4ne-Alpes. <strong>Des averses encore parfois orageuses<\/strong> circuleront du nord de la Seine au Grand Est et aux Alpes du Nord.<\/p>\n<p class=\" wall-content\">La <strong>baisse des temp\u00e9ratures<\/strong> se confirme, annonce l\u2019organisme m\u00e9t\u00e9o. Sur le pourtour m\u00e9diterran\u00e9en, on attend entre 17 et 22 degr\u00e9s le matin, 27 \u00e0 32 en g\u00e9n\u00e9ral l\u2019apr\u00e8s-midi. Ailleurs, les minimales vont de 13 \u00e0 17 degr\u00e9s du nord au sud-ouest, les maximales de 19 \u00e0 23.<\/p>\n<p class=\" wall-content\">Suivez toute l\u2019actualit\u00e9 de vos villes et m\u00e9dias favoris en vous inscrivant \u00e0 <a href=\"https:\/\/moncompte.actu.fr\" title=\"D\u00e9couvez Mon Actu\" rel=\"nofollow noopener\" data-trk=\"{&quot;cta&quot;:{&quot;action&quot;:&quot;https:\\\/\\\/moncompte.actu.fr&quot;,&quot;category&quot;:&quot;mon compte&quot;,&quot;from&quot;:&quot;article footer&quot;,&quot;name&quot;:&quot;Mon actu&quot;,&quot;type&quot;:&quot;cta&quot;}}\" target=\"_blank\">Mon Actu<\/a>.<\/p>\n","protected":false},"excerpt":{"rendered":"Par R\u00e9daction Actu Publi\u00e9 le 6 juil. 2025 \u00e0 16h14 Apr\u00e8s la chaleur intense, c\u2019est au tour des&hellip;\n","protected":false},"author":2,"featured_media":230958,"comment_status":"","ping_status":"","sticky":false,"template":"","format":"standard","meta":{"footnotes":""},"categories":[4],"tags":[11,1011,27,2357,12,4594,25,104],"class_list":{"0":"post-230957","1":"post","2":"type-post","3":"status-publish","4":"format-standard","5":"has-post-thumbnail","7":"category-france","8":"tag-actualites","9":"tag-fr","10":"tag-france","11":"tag-meteo-france","12":"tag-news","13":"tag-orages","14":"tag-republique-francaise","15":"tag-societe"},"share_on_mastodon":{"url":"https:\/\/pubeurope.com\/@fr\/114807574556015936","error":""},"_links":{"self":[{"href":"https:\/\/www.europesays.com\/fr\/wp-json\/wp\/v2\/posts\/230957","targetHints":{"allow":["GET"]}}],"collection":[{"href":"https:\/\/www.europesays.com\/fr\/wp-json\/wp\/v2\/posts"}],"about":[{"href":"https:\/\/www.europesays.com\/fr\/wp-json\/wp\/v2\/types\/post"}],"author":[{"embeddable":true,"href":"https:\/\/www.europesays.com\/fr\/wp-json\/wp\/v2\/users\/2"}],"replies":[{"embeddable":true,"href":"https:\/\/www.europesays.com\/fr\/wp-json\/wp\/v2\/comments?post=230957"}],"version-history":[{"count":0,"href":"https:\/\/www.europesays.com\/fr\/wp-json\/wp\/v2\/posts\/230957\/revisions"}],"wp:featuredmedia":[{"embeddable":true,"href":"https:\/\/www.europesays.com\/fr\/wp-json\/wp\/v2\/media\/230958"}],"wp:attachment":[{"href":"https:\/\/www.europesays.com\/fr\/wp-json\/wp\/v2\/media?parent=230957"}],"wp:term":[{"taxonomy":"category","embeddable":true,"href":"https:\/\/www.europesays.com\/fr\/wp-json\/wp\/v2\/categories?post=230957"},{"taxonomy":"post_tag","embeddable":true,"href":"https:\/\/www.europesays.com\/fr\/wp-json\/wp\/v2\/tags?post=230957"}],"curies":[{"name":"wp","href":"https:\/\/api.w.org\/{rel}","templated":true}]}}