{"id":230963,"date":"2025-07-06T17:57:11","date_gmt":"2025-07-06T17:57:11","guid":{"rendered":"https:\/\/www.europesays.com\/fr\/230963\/"},"modified":"2025-07-06T17:57:11","modified_gmt":"2025-07-06T17:57:11","slug":"saint-etienne-10-ans-de-portraits-en-cabine-dascenseur-maurice-muller-et-lart-du-lien","status":"publish","type":"post","link":"https:\/\/www.europesays.com\/fr\/230963\/","title":{"rendered":"Saint-\u00c9tienne. 10 ans de portraits en cabine d\u2019ascenseur, Maurice Muller et l\u2019art du lien"},"content":{"rendered":"<p>Alors que la m\u00e9tamorphose de l\u2019ascenseur du Cr\u00eat-de-Roc s\u2019ach\u00e8ve, dans la coursive, une exposition de portraits r\u00e9alis\u00e9s par Maurice Muller a pris place.<\/p>\n<p>\u00ab\u00a0On se voit vingt secondes, \u00e0 peine\u00a0\u00bb<\/p>\n<p>Cet artiste bien connu du voisinage est d\u00e9j\u00e0 en pr\u00e9paration. Lor\u00e8ne Ujhelyi-Wojciechowski, alias Wul, coadministratrice de l\u2019amicale et collaboratrice de l\u2019artiste, \u00e9voque le travail de ce dernier avec sa propre sensibilit\u00e9\u00a0: \u00ab\u00a0J\u2019habite au Cr\u00eat-de-Roc et je connais Maurice depuis longtemps. Notre id\u00e9e, c\u2019est de profiter de la r\u00e9novation de l\u2019ascenseur pour donner une place \u00e0 son \u0153uvre. Il saisit le portrait des usagers de l\u2019ascenseur, depuis une dizaine d\u2019ann\u00e9es,&#8230;<\/p>\n","protected":false},"excerpt":{"rendered":"Alors que la m\u00e9tamorphose de l\u2019ascenseur du Cr\u00eat-de-Roc s\u2019ach\u00e8ve, dans la coursive, une exposition de portraits r\u00e9alis\u00e9s par&hellip;\n","protected":false},"author":2,"featured_media":230964,"comment_status":"","ping_status":"","sticky":false,"template":"","format":"standard","meta":{"footnotes":""},"categories":[9653],"tags":[1111,11,2430,1687,7539,1777,674,2271,1011,27,12,25,4001,7538],"class_list":{"0":"post-230963","1":"post","2":"type-post","3":"status-publish","4":"format-standard","5":"has-post-thumbnail","7":"category-saint-etienne","8":"tag-actu","9":"tag-actualites","10":"tag-auvergne-rhone-alpes","11":"tag-culture-loisirs","12":"tag-edition-loire-sud","13":"tag-eu","14":"tag-europe","15":"tag-exposition-arts-plastiques","16":"tag-fr","17":"tag-france","18":"tag-news","19":"tag-republique-francaise","20":"tag-saint-etienne","21":"tag-saint-etienne-ville"},"share_on_mastodon":{"url":"https:\/\/pubeurope.com\/@fr\/114807586366601260","error":""},"_links":{"self":[{"href":"https:\/\/www.europesays.com\/fr\/wp-json\/wp\/v2\/posts\/230963","targetHints":{"allow":["GET"]}}],"collection":[{"href":"https:\/\/www.europesays.com\/fr\/wp-json\/wp\/v2\/posts"}],"about":[{"href":"https:\/\/www.europesays.com\/fr\/wp-json\/wp\/v2\/types\/post"}],"author":[{"embeddable":true,"href":"https:\/\/www.europesays.com\/fr\/wp-json\/wp\/v2\/users\/2"}],"replies":[{"embeddable":true,"href":"https:\/\/www.europesays.com\/fr\/wp-json\/wp\/v2\/comments?post=230963"}],"version-history":[{"count":0,"href":"https:\/\/www.europesays.com\/fr\/wp-json\/wp\/v2\/posts\/230963\/revisions"}],"wp:featuredmedia":[{"embeddable":true,"href":"https:\/\/www.europesays.com\/fr\/wp-json\/wp\/v2\/media\/230964"}],"wp:attachment":[{"href":"https:\/\/www.europesays.com\/fr\/wp-json\/wp\/v2\/media?parent=230963"}],"wp:term":[{"taxonomy":"category","embeddable":true,"href":"https:\/\/www.europesays.com\/fr\/wp-json\/wp\/v2\/categories?post=230963"},{"taxonomy":"post_tag","embeddable":true,"href":"https:\/\/www.europesays.com\/fr\/wp-json\/wp\/v2\/tags?post=230963"}],"curies":[{"name":"wp","href":"https:\/\/api.w.org\/{rel}","templated":true}]}}