{"id":230967,"date":"2025-07-06T17:59:16","date_gmt":"2025-07-06T17:59:16","guid":{"rendered":"https:\/\/www.europesays.com\/fr\/230967\/"},"modified":"2025-07-06T17:59:16","modified_gmt":"2025-07-06T17:59:16","slug":"nancy-lycee-paul-louis-cyffle-bac-2025-mention-tres-bien-amelya-vigeonnet-17-ans-bac-professionnel","status":"publish","type":"post","link":"https:\/\/www.europesays.com\/fr\/230967\/","title":{"rendered":"Nancy, lyc\u00e9e Paul-Louis-Cyffl\u00e9 | Bac 2025 Mention Tr\u00e8s Bien. Amelya Vigeonnet, 17 ans, bac professionnel"},"content":{"rendered":"<p>Amelya Vigeonnet, 17 ans, demeurant \u00e0 Bainville-sur-Madon, a d\u00e9croch\u00e9 son bac professionnel assistance \u00e0 la gestion des organisations et de leurs activit\u00e9s avec mention tr\u00e8s bien et une moyenne de 16,52. Passionn\u00e9e par le sport, elle a obtenu sa meilleure note en sport. Amelya, qui affectionne particuli\u00e8rement la gestion-administration, a \u00e9t\u00e9 surprise d&rsquo;apprendre sa mention tr\u00e8s bien. Elle envisage de poursuivre ses \u00e9tudes en pr\u00e9parant un BTS comptabilit\u00e9 pour devenir experte-comptable. Cet \u00e9t\u00e9, elle pr\u00e9voit de travailler.<\/p>\n<p>\u270e R\u00e9dig\u00e9 avec l&rsquo;aide d&rsquo;outils IA et v\u00e9rifi\u00e9 par un journaliste \ud83d\udec8 En savoir plus avec la charte IA d&rsquo;Ebra.<\/p>\n","protected":false},"excerpt":{"rendered":"Amelya Vigeonnet, 17 ans, demeurant \u00e0 Bainville-sur-Madon, a d\u00e9croch\u00e9 son bac professionnel assistance \u00e0 la gestion des organisations&hellip;\n","protected":false},"author":2,"featured_media":230968,"comment_status":"","ping_status":"","sticky":false,"template":"","format":"standard","meta":{"footnotes":""},"categories":[9635],"tags":[1111,11,36609,1704,1057,1777,674,10961,1011,27,775,1702,1703,12,25],"class_list":{"0":"post-230967","1":"post","2":"type-post","3":"status-publish","4":"format-standard","5":"has-post-thumbnail","7":"category-nancy","8":"tag-actu","9":"tag-actualites","10":"tag-baccalaureat-mention-tres-bien","11":"tag-edition-nancy-et-agglomeration","12":"tag-education","13":"tag-eu","14":"tag-europe","15":"tag-examen-diplome","16":"tag-fr","17":"tag-france","18":"tag-grand-est","19":"tag-nancy","20":"tag-nancy-ville-54b","21":"tag-news","22":"tag-republique-francaise"},"share_on_mastodon":{"url":"https:\/\/pubeurope.com\/@fr\/114807594217059251","error":""},"_links":{"self":[{"href":"https:\/\/www.europesays.com\/fr\/wp-json\/wp\/v2\/posts\/230967","targetHints":{"allow":["GET"]}}],"collection":[{"href":"https:\/\/www.europesays.com\/fr\/wp-json\/wp\/v2\/posts"}],"about":[{"href":"https:\/\/www.europesays.com\/fr\/wp-json\/wp\/v2\/types\/post"}],"author":[{"embeddable":true,"href":"https:\/\/www.europesays.com\/fr\/wp-json\/wp\/v2\/users\/2"}],"replies":[{"embeddable":true,"href":"https:\/\/www.europesays.com\/fr\/wp-json\/wp\/v2\/comments?post=230967"}],"version-history":[{"count":0,"href":"https:\/\/www.europesays.com\/fr\/wp-json\/wp\/v2\/posts\/230967\/revisions"}],"wp:featuredmedia":[{"embeddable":true,"href":"https:\/\/www.europesays.com\/fr\/wp-json\/wp\/v2\/media\/230968"}],"wp:attachment":[{"href":"https:\/\/www.europesays.com\/fr\/wp-json\/wp\/v2\/media?parent=230967"}],"wp:term":[{"taxonomy":"category","embeddable":true,"href":"https:\/\/www.europesays.com\/fr\/wp-json\/wp\/v2\/categories?post=230967"},{"taxonomy":"post_tag","embeddable":true,"href":"https:\/\/www.europesays.com\/fr\/wp-json\/wp\/v2\/tags?post=230967"}],"curies":[{"name":"wp","href":"https:\/\/api.w.org\/{rel}","templated":true}]}}