{"id":230971,"date":"2025-07-06T18:06:11","date_gmt":"2025-07-06T18:06:11","guid":{"rendered":"https:\/\/www.europesays.com\/fr\/230971\/"},"modified":"2025-07-06T18:06:11","modified_gmt":"2025-07-06T18:06:11","slug":"des-experts-du-velo-decryptent-la-4e-etape-entre-amiens-et-rouen","status":"publish","type":"post","link":"https:\/\/www.europesays.com\/fr\/230971\/","title":{"rendered":"des experts du v\u00e9lo d\u00e9cryptent la 4e \u00e9tape entre Amiens et Rouen"},"content":{"rendered":"<p>            Par<br \/>\n        <strong><br \/>\n            <a href=\"https:\/\/actu.fr\/auteur\/pierre-boissonnat\" title=\"Consulter tous les articles de Pierre Boissonnat\" rel=\"nofollow noopener\" target=\"_blank\">Pierre Boissonnat<\/a><br \/>\n        <\/strong><\/p>\n<p>        Publi\u00e9 le<\/p>\n<p>            6 juil. 2025 \u00e0 19h18        <\/p>\n<p>Tous les trois scrutent attentivement l\u2019annonce du trac\u00e9 du Tour de France chaque ann\u00e9e.<\/p>\n<p class=\" wall-content\"><b>Pascal Cambour<\/b>, <b>Ang\u00e9line Coinon<\/b> et <b>G\u00e9rard Roy<\/b> ont tous un attachement particulier avec la Grande Boucle.<\/p>\n<p class=\" wall-content\">Pour le pr\u00e9sident de la section cyclisme de l\u2019<b>Entente Gisorsienne<\/b>, \u00ab c\u2019est la course cycliste par excellence \u00bb.<\/p>\n<p class=\" wall-content\">La secr\u00e9taire des Guidons \u00e0 Crampons du <b>Val d\u2019Hazey<\/b> essaye chaque \u00e9t\u00e9 d\u2019assister depuis le bord de la route \u00e0 \u00ab au moins trois \u00e9tapes \u00bb.<\/p>\n<p class=\" wall-content\">Avant d\u2019organiser le Tour de l\u2019Eure junior, G\u00e9rard Roy, habitant d\u2019<b>Hacqueville<\/b>, a mont\u00e9 \u00ab pendant 25\u00a0ans le r\u00e9sum\u00e9 des \u00e9tapes \u00bb pour France T\u00e9l\u00e9visions.<\/p>\n<p>Avec les jeunes de l\u2019Entente Gisorsienne entre Gournay-en-Bray et B\u00e9zu-la-For\u00eat<\/p>\n<p class=\" wall-content\">Alors forc\u00e9ment, ils ne risquaient pas de manquer le retour en <b>Normandie<\/b> sept ans apr\u00e8s le dernier passage de la Grande Boucle.\u00a0Ces trois passionn\u00e9s d\u00e9cryptent le parcours.<\/p>\n<p>Vid\u00e9os : en ce moment sur Actu<\/p>\n<p class=\" wall-content\">Pascal Cambour sera le premier \u00e0 voir passer le joyeux cort\u00e8ge du Tour de France.<\/p>\n<blockquote class=\"ac-article-quote wall-content\">\n<p>\u00ab Nous avons pr\u00e9vu de nous rendre sur la route du Tour avec les jeunes entre Gournay-en-Bray et B\u00e9zu-la-For\u00eat. \u00bb<\/p>\n<p>Pascal Cambour, pr\u00e9sident de la section cyclisme de l\u2019Entente Gisorsienne<\/p><\/blockquote>\n<p class=\" wall-content\">Le club de Gisors qui compte 45 licenci\u00e9s a pr\u00e9vu de prendre place dans la C\u00f4te Blanche \u2013 \u00ab les coureurs devraient passer un peu moins vite que sur le plateau \u00bb \u2013 avant de revenir dans la capitale du Vexin normand pour regarder la fin de l\u2019\u00e9tape \u00e0 la t\u00e9l\u00e9vision.<\/p>\n<p>Passage express sur le plateau<\/p>\n<p class=\" wall-content\">Celui qui organise chaque ann\u00e9e la course Rouen-Gisors conna\u00eet bien le parcours que vont emprunter les coureurs. \u00ab C\u2019est un parcours spectaculaire sur lequel il peut y avoir quelques surprises \u00bb, estime-t-il.<\/p>\n<p class=\" wall-content\">Pour lui, une \u00e9quipe bien organis\u00e9e pourrait tenter, si le vent souffle, un mouvement de course en arrivant dans l\u2019Eure.<\/p>\n<p class=\" wall-content\">Il est \u00ab possible qu\u2019on ait une bordure (acc\u00e9l\u00e9ration brusque d\u2019une \u00e9quipe au-devant du peloton pour profiter du ph\u00e9nom\u00e8ne d\u2019aspiration alors que le vent arrive de c\u00f4t\u00e9) sur le plateau \u00bb entre Gournay et la descente vers Les Andelys.<\/p>\n<p class=\" wall-content\">Une \u00e9ventualit\u00e9 qui convainc peu G\u00e9rard Roy. \u00ab Il manque 10 ou 15 km pour qu\u2019une bordure puisse r\u00e9ussir. L\u00e0, \u00e7a me para\u00eet compliqu\u00e9 \u00bb, explique celui qui compte bien se rendre du c\u00f4t\u00e9 de <b>Morgny<\/b>.<\/p>\n<blockquote class=\"ac-article-quote wall-content\">\n<p>\u00ab Je serai avec mes petits-enfants sur une partie haute, bien prot\u00e9g\u00e9e pour assister au passage des coureurs. Il faut bien faire attention et avoir conscience que sur certaines routes, le peloton roule \u00e0 70 km\/h. \u00bb<\/p>\n<p>G\u00e9rard Roy<\/p><\/blockquote>\n<p>Du spectacle entre Les Andelys et la c\u00f4te Jacques-Anquetil<\/p>\n<p class=\" wall-content\">Pour les deux amateurs de v\u00e9lo, le sc\u00e9nario de la course pourrait se corser un peu plus tard.<\/p>\n<blockquote class=\"ac-article-quote wall-content\">\n<p>\u00ab Les leaders et les baroudeurs qui visent la victoire d\u2019\u00e9tape devront \u00eatre bien plac\u00e9s en quittant Les Andelys lorsqu\u2019ils prendront la C\u00f4te de Fresne-l\u2019Archev\u00eaque. \u00bb<\/p>\n<p>G\u00e9rard Roy<\/p><\/blockquote>\n<p class=\" wall-content\">Pascal Cambour reprend : \u00ab Le d\u00e9tour occasionn\u00e9 par la fermeture de la route menant \u00e0 la c\u00f4te du Thuit va imposer un passage par des routes \u00e9troites du c\u00f4t\u00e9 de Cuverville et Heuqueville \u00bb.<\/p>\n<p class=\" wall-content\">Les coureurs de la Grande Boucle n\u2019\u00e9tant pas forc\u00e9ment habitu\u00e9s \u00e0 rouler sur de tels terrains, \u00ab il pourrait se passer des choses \u00bb.<\/p>\n<p class=\" wall-content\">La descente de Pierreval puis la travers\u00e9e de <b>Pont-Saint-Pierre<\/b> et <b>Romilly-sur-Andelle<\/b> jusqu\u2019au pied de la <a href=\"https:\/\/actu.fr\/normandie\/romilly-sur-andelle_27493\/tour-de-france-2025-le-peloton-va-gravir-la-cote-jacques-anquetil-pour-la-premiere-fois_61861306.html\" rel=\"nofollow noopener\" target=\"_blank\">C\u00f4te Jacques-Anquetil<\/a> sera aussi \u00e0 surveiller.<\/p>\n<blockquote class=\"ac-article-quote wall-content\">\n<p>\u00ab Le pied est bien raide et apr\u00e8s c\u2019est plus roulant, mais \u00e7a ne devrait pas \u00eatre trop compliqu\u00e9 pour ces professionnels. \u00bb<\/p>\n<p>Pascal Cambour<\/p><\/blockquote>\n<p class=\" wall-content\">Dans tous les cas, \u00ab il devrait y avoir du monde et il faut pr\u00e9voir une exp\u00e9dition \u00bb, selon G\u00e9rard Roy, pour assister \u00e0 la premi\u00e8re mont\u00e9e du Tour de la c\u00f4te qui porte le nom du quintuple vainqueur de l\u2019\u00e9preuve.<\/p>\n<p>Une sortie sur trois jours<br \/>\n    <img   decoding=\"async\" loading=\"lazy\" class=\"size-large\" src=\"https:\/\/www.europesays.com\/fr\/wp-content\/uploads\/2025\/07\/3a109e05182661e109e051826e1209v-960x640.jpg\" alt=\"Les guidons a crampons\" width=\"960\" height=\"640\"\/><br \/>\n    Ang\u00e9line Coinon, ici au centre, membre des Guidons \u00e0 crampons et passionn\u00e9e du Tour de France, guidera la d\u00e9l\u00e9gation du club du Val d\u2019Hazey \u00e0 l\u2019arriv\u00e9e de l\u2019\u00e9tape \u00e0 Rouen. \u00a9Archives L\u2019Impartial<\/p>\n<p class=\" wall-content\">Les Guidons \u00e0 crampons auraient pu d\u00e9cider de faire le court trajet jusqu\u2019aux <a href=\"https:\/\/actu.fr\/normandie\/les-andelys_27016\" rel=\"nofollow noopener\" target=\"_blank\">Andelys<\/a> pour voir passer les coureurs. Mais ils ont fait un autre choix.<\/p>\n<p class=\" wall-content\">\u00ab On les aurait vus passer trop vite. \u00c7a aurait \u00e9t\u00e9 frustrant \u00bb, estime Ang\u00e9line Coinon.<\/p>\n<p class=\" wall-content\">La secr\u00e9taire du club de VTT a donc organis\u00e9 une sortie sur trois jours.<\/p>\n<blockquote class=\"ac-article-quote wall-content\">\n<p>\u00ab Nous partirons d\u2019Aubevoye la veille de l\u2019\u00e9tape pour rejoindre un camping au-dessus de Rouen avant de descendre \u00e0 pied le jour J. \u00bb<\/p>\n<\/blockquote>\n<p class=\" wall-content\">Ces derni\u00e8res ann\u00e9es, les v\u00e9t\u00e9tistes du <a href=\"https:\/\/actu.fr\/normandie\/le-val-d-hazey_27022\" rel=\"nofollow noopener\" target=\"_blank\">Val d\u2019Hazey<\/a> ont pris l\u2019habitude de se placer \u00e0 des endroits strat\u00e9giques pour assister aux courses cyclistes.<\/p>\n<p class=\" wall-content\">En ao\u00fbt dernier, ils s\u2019\u00e9taient positionn\u00e9s dans la rue Lepic pour assister \u00e0 la course olympique f\u00e9minine. Pour l\u2019arriv\u00e9e \u00e0 Rouen, la d\u00e9l\u00e9gation des Guidons \u00e0 crampons a choisi la Rampe Saint-Hilaire et ses forts pourcentages.<\/p>\n<blockquote class=\"ac-article-quote wall-content\">\n<p>\u00ab On va essayer de nous trouver une place dans le dernier kilom\u00e8tre, pas trop loin de l\u2019\u00e9cran g\u00e9ant pour suivre l\u2019\u00e9tape avec les commentaires du speaker puis assister au podium \u00bb<\/p>\n<p>Ang\u00e9line Coinon<\/p><\/blockquote>\n<p>Une arriv\u00e9e spectaculaire \u00e0 Rouen<\/p>\n<p class=\" wall-content\">Nos trois sp\u00e9cialistes pr\u00e9f\u00e8rent ne pas faire de pronostic sur le nom du vainqueur de l\u2019\u00e9tape. N\u00e9anmoins, ils sont unanimes : \u00ab Cela ne se terminera pas au sprint comme la derni\u00e8re fois \u00bb, r\u00e9sume Ang\u00e9line Coinon, qui avait assist\u00e9 \u00e0 la victoire d\u2019<b>Andr\u00e9 Greipel<\/b> quai Jacques-Anquetil en 2012.<\/p>\n<p class=\" wall-content\">\u00ab La Rampe Saint-Hilaire est trop dure. C\u2019est un final pour les puncheurs ou les baroudeurs \u00bb, estime Pascal Cambour.<\/p>\n<p class=\" wall-content\">G\u00e9rard Roy reprend : \u00ab C\u2019est fini le temps des longues \u00e9tapes de plaine \u00bb o\u00f9 l\u2019on avait qu\u2019\u00e0 regarder les cinq derni\u00e8res minutes.<\/p>\n<p class=\" wall-content\">\u00ab L\u2019arriv\u00e9e \u00e0 Rouen sera plus spectaculaire que la derni\u00e8re fois. Tout comme le sera l\u2019arriv\u00e9e sur les Champs pr\u00e9c\u00e9d\u00e9e par la mont\u00e9e de Montmartre \u00bb, se r\u00e9jouit l\u2019ancien technicien de France T\u00e9l\u00e9visions.<\/p>\n<p class=\" wall-content\">Suivez toute l\u2019actualit\u00e9 de vos villes et m\u00e9dias favoris en vous inscrivant \u00e0 <a href=\"https:\/\/moncompte.actu.fr\" title=\"D\u00e9couvez Mon Actu\" rel=\"nofollow noopener\" data-trk=\"{&quot;cta&quot;:{&quot;action&quot;:&quot;https:\\\/\\\/moncompte.actu.fr&quot;,&quot;category&quot;:&quot;mon compte&quot;,&quot;from&quot;:&quot;article footer&quot;,&quot;name&quot;:&quot;Mon actu&quot;,&quot;type&quot;:&quot;cta&quot;}}\" target=\"_blank\">Mon Actu<\/a>.<\/p>\n<ul class=\"ac-article-tag wall-content\">\n<li><a href=\"https:\/\/actu.fr\/tag\/tour-de-france\" data-trk=\"{&quot;cta&quot;:{&quot;action&quot;:&quot;Tour de France&quot;,&quot;category&quot;:&quot;tag&quot;,&quot;from&quot;:&quot;article footer&quot;,&quot;name&quot;:&quot;Tour de France&quot;,&quot;type&quot;:&quot;cta&quot;}}\" rel=\"nofollow noopener\" target=\"_blank\">#Tour de France<\/a><\/li>\n<li><a href=\"https:\/\/actu.fr\/tag\/tour-de-france-2025\" data-trk=\"{&quot;cta&quot;:{&quot;action&quot;:&quot;Tour de France 2025&quot;,&quot;category&quot;:&quot;tag&quot;,&quot;from&quot;:&quot;article footer&quot;,&quot;name&quot;:&quot;Tour de France 2025&quot;,&quot;type&quot;:&quot;cta&quot;}}\" rel=\"nofollow noopener\" target=\"_blank\">#Tour de France 2025<\/a><\/li>\n<\/ul>\n","protected":false},"excerpt":{"rendered":"Par Pierre Boissonnat Publi\u00e9 le 6 juil. 2025 \u00e0 19h18 Tous les trois scrutent attentivement l\u2019annonce du trac\u00e9&hellip;\n","protected":false},"author":2,"featured_media":230972,"comment_status":"","ping_status":"","sticky":false,"template":"","format":"standard","meta":{"footnotes":""},"categories":[9587],"tags":[1111,11,1777,674,1011,27,12,5161,25,9590,104,210,2116],"class_list":{"0":"post-230971","1":"post","2":"type-post","3":"status-publish","4":"format-standard","5":"has-post-thumbnail","7":"category-rouen","8":"tag-actu","9":"tag-actualites","10":"tag-eu","11":"tag-europe","12":"tag-fr","13":"tag-france","14":"tag-news","15":"tag-normandie","16":"tag-republique-francaise","17":"tag-rouen","18":"tag-societe","19":"tag-tour-de-france","20":"tag-tour-de-france-2025"},"share_on_mastodon":{"url":"https:\/\/pubeurope.com\/@fr\/114807621787645964","error":""},"_links":{"self":[{"href":"https:\/\/www.europesays.com\/fr\/wp-json\/wp\/v2\/posts\/230971","targetHints":{"allow":["GET"]}}],"collection":[{"href":"https:\/\/www.europesays.com\/fr\/wp-json\/wp\/v2\/posts"}],"about":[{"href":"https:\/\/www.europesays.com\/fr\/wp-json\/wp\/v2\/types\/post"}],"author":[{"embeddable":true,"href":"https:\/\/www.europesays.com\/fr\/wp-json\/wp\/v2\/users\/2"}],"replies":[{"embeddable":true,"href":"https:\/\/www.europesays.com\/fr\/wp-json\/wp\/v2\/comments?post=230971"}],"version-history":[{"count":0,"href":"https:\/\/www.europesays.com\/fr\/wp-json\/wp\/v2\/posts\/230971\/revisions"}],"wp:featuredmedia":[{"embeddable":true,"href":"https:\/\/www.europesays.com\/fr\/wp-json\/wp\/v2\/media\/230972"}],"wp:attachment":[{"href":"https:\/\/www.europesays.com\/fr\/wp-json\/wp\/v2\/media?parent=230971"}],"wp:term":[{"taxonomy":"category","embeddable":true,"href":"https:\/\/www.europesays.com\/fr\/wp-json\/wp\/v2\/categories?post=230971"},{"taxonomy":"post_tag","embeddable":true,"href":"https:\/\/www.europesays.com\/fr\/wp-json\/wp\/v2\/tags?post=230971"}],"curies":[{"name":"wp","href":"https:\/\/api.w.org\/{rel}","templated":true}]}}