{"id":230973,"date":"2025-07-06T18:09:24","date_gmt":"2025-07-06T18:09:24","guid":{"rendered":"https:\/\/www.europesays.com\/fr\/230973\/"},"modified":"2025-07-06T18:09:24","modified_gmt":"2025-07-06T18:09:24","slug":"pres-de-grenoble-ce-train-iconique-des-alpes-doit-rester-en-gare-la-direction-sexplique","status":"publish","type":"post","link":"https:\/\/www.europesays.com\/fr\/230973\/","title":{"rendered":"Pr\u00e8s de Grenoble. Ce train iconique des Alpes doit rester en gare : la direction s&rsquo;explique"},"content":{"rendered":"<p>            Par<br \/>\n        <strong><br \/>\n            <a href=\"https:\/\/actu.fr\/auteur\/lisa-rodrigues\" title=\"Consulter tous les articles de Lisa Rodrigues\" rel=\"nofollow noopener\" target=\"_blank\">Lisa Rodrigues<\/a><br \/>\n        <\/strong><\/p>\n<p>        Publi\u00e9 le<\/p>\n<p>            6 juil. 2025 \u00e0 7h12        <\/p>\n<p>Le timing tombe, pour ainsi dire, bien mal. Alors que les <a href=\"https:\/\/actu.fr\/societe\/les-routes-pleines-a-craquer-pour-le-premier-week-end-des-vacances-d-ete-ou-rouler-pour-eviter-les-bouchons_62857917.html\" rel=\"nofollow noopener\" target=\"_blank\">vacances d\u2019\u00e9t\u00e9<\/a> d\u00e9marrent officiellement vendredi 4 juillet, le <strong>Petit Train de La Mure<\/strong>, attraction touristique appr\u00e9ci\u00e9e au sud de <a href=\"https:\/\/actu.fr\/auvergne-rhone-alpes\/grenoble_38185\" rel=\"nofollow noopener\" target=\"_blank\">Grenoble<\/a>, va devoir rester en gare.<\/p>\n<p>    <a href=\"https:\/\/www.google.com\/maps\/embed?pb=!1m18!1m12!1m3!1d2825.654547353485!2d5.7805887750030545!3d44.91002307107026!2m3!1f0!2f0!3f0!3m2!1i1024!2i768!4f13.1!3m3!1m2!1s0x478a7fe49c56f1e1%3A0x6ce5f24e8b720f4a!2sLe%20Petit%20Train%20de%20la%20Mure!5e0!3m2!1sfr!2sfr!4v1751638648581!5m2!1sfr!2sfr\" title=\"Ouvrie le lien\" rel=\"nofollow noopener\" target=\"_blank\">Cliquez ici pour visualiser le contenu<\/a><\/p>\n<p class=\" wall-content\">Une mauvaise nouvelle qui vient couronner des \u00ab\u00a0pannes techniques r\u00e9p\u00e9t\u00e9es et des interruptions prolong\u00e9es\u00a0\u00bb depuis le d\u00e9but de la saison 2025 en avril.<\/p>\n<p>La restauration de la locomotive en cause<\/p>\n<p class=\" wall-content\">\u00ab\u00a0Les espoirs fond\u00e9s en d\u00e9but d\u2019ann\u00e9e, \u00e0 l\u2019issue d\u2019une r\u00e9novation ambitieuse, sur la remise en service compl\u00e8te de la locomotive historique ont malheureusement \u00e9t\u00e9 d\u00e9\u00e7us, explique la direction du Petit train dans un communiqu\u00e9. Les difficult\u00e9s techniques rencontr\u00e9es se sont r\u00e9v\u00e9l\u00e9es bien plus complexes que pr\u00e9vu\u00a0\u00bb et ne permettent pas d\u2019accueillir le public \u00ab\u00a0dans des conditions fiables et continues\u00a0\u00bb.\u00a0<\/p>\n<p class=\" wall-content\">L\u2019exploitation du mythique train circulant au pied des Alpes a \u00e9t\u00e9 <strong>relanc\u00e9e en 2021<\/strong>. Deux des trois locomotives ont \u00e9t\u00e9 remises en service, mais une r\u00e9novation d\u2019ampleur doit \u00eatre effectu\u00e9e pour permettre la poursuite de l\u2019activit\u00e9 \u00e0 long terme.<\/p>\n<p>Vid\u00e9os : en ce moment sur ActuPas avant la mi-juillet<\/p>\n<p class=\" wall-content\">\u00ab\u00a0Les \u00e9quipes sont totalement mobilis\u00e9es actuellement pour mettre en \u0153uvre une solution technique p\u00e9renne, en concertation avec ses partenaires institutionnels et industriels\u00a0\u00bb, poursuit la direction du Petit train de <a href=\"https:\/\/actu.fr\/auvergne-rhone-alpes\/la-mure_38269\" rel=\"nofollow noopener\" target=\"_blank\">La Mure<\/a>.<\/p>\n<p class=\" wall-content\">\u00c0 l\u2019heure d\u2019\u00e9crire ces lignes, tous les voyages <strong>jusqu\u2019au 11 juillet inclus<\/strong> sont d\u2019ores et d\u00e9j\u00e0 annul\u00e9es.<\/p>\n<p class=\" wall-content\">Suivez toute l\u2019actualit\u00e9 de vos villes et m\u00e9dias favoris en vous inscrivant \u00e0 <a href=\"https:\/\/moncompte.actu.fr\" title=\"D\u00e9couvez Mon Actu\" rel=\"nofollow noopener\" data-trk=\"{&quot;cta&quot;:{&quot;action&quot;:&quot;https:\\\/\\\/moncompte.actu.fr&quot;,&quot;category&quot;:&quot;mon compte&quot;,&quot;from&quot;:&quot;article footer&quot;,&quot;name&quot;:&quot;Mon actu&quot;,&quot;type&quot;:&quot;cta&quot;}}\" target=\"_blank\">Mon Actu<\/a>.<\/p>\n","protected":false},"excerpt":{"rendered":"Par Lisa Rodrigues Publi\u00e9 le 6 juil. 2025 \u00e0 7h12 Le timing tombe, pour ainsi dire, bien mal.&hellip;\n","protected":false},"author":2,"featured_media":230974,"comment_status":"","ping_status":"","sticky":false,"template":"","format":"standard","meta":{"footnotes":""},"categories":[9566],"tags":[1111,11,7733,2430,1777,674,1011,27,2731,1652,12,25,602,2803],"class_list":{"0":"post-230973","1":"post","2":"type-post","3":"status-publish","4":"format-standard","5":"has-post-thumbnail","7":"category-grenoble","8":"tag-actu","9":"tag-actualites","10":"tag-alpes","11":"tag-auvergne-rhone-alpes","12":"tag-eu","13":"tag-europe","14":"tag-fr","15":"tag-france","16":"tag-grenoble","17":"tag-loisirs-culture","18":"tag-news","19":"tag-republique-francaise","20":"tag-tourisme","21":"tag-transport"},"share_on_mastodon":{"url":"https:\/\/pubeurope.com\/@fr\/114807633746645066","error":""},"_links":{"self":[{"href":"https:\/\/www.europesays.com\/fr\/wp-json\/wp\/v2\/posts\/230973","targetHints":{"allow":["GET"]}}],"collection":[{"href":"https:\/\/www.europesays.com\/fr\/wp-json\/wp\/v2\/posts"}],"about":[{"href":"https:\/\/www.europesays.com\/fr\/wp-json\/wp\/v2\/types\/post"}],"author":[{"embeddable":true,"href":"https:\/\/www.europesays.com\/fr\/wp-json\/wp\/v2\/users\/2"}],"replies":[{"embeddable":true,"href":"https:\/\/www.europesays.com\/fr\/wp-json\/wp\/v2\/comments?post=230973"}],"version-history":[{"count":0,"href":"https:\/\/www.europesays.com\/fr\/wp-json\/wp\/v2\/posts\/230973\/revisions"}],"wp:featuredmedia":[{"embeddable":true,"href":"https:\/\/www.europesays.com\/fr\/wp-json\/wp\/v2\/media\/230974"}],"wp:attachment":[{"href":"https:\/\/www.europesays.com\/fr\/wp-json\/wp\/v2\/media?parent=230973"}],"wp:term":[{"taxonomy":"category","embeddable":true,"href":"https:\/\/www.europesays.com\/fr\/wp-json\/wp\/v2\/categories?post=230973"},{"taxonomy":"post_tag","embeddable":true,"href":"https:\/\/www.europesays.com\/fr\/wp-json\/wp\/v2\/tags?post=230973"}],"curies":[{"name":"wp","href":"https:\/\/api.w.org\/{rel}","templated":true}]}}