{"id":230979,"date":"2025-07-06T18:12:12","date_gmt":"2025-07-06T18:12:12","guid":{"rendered":"https:\/\/www.europesays.com\/fr\/230979\/"},"modified":"2025-07-06T18:12:12","modified_gmt":"2025-07-06T18:12:12","slug":"le-banquet-republicain-prevu-par-jean-philippe-vetter-prend-leau","status":"publish","type":"post","link":"https:\/\/www.europesays.com\/fr\/230979\/","title":{"rendered":"le banquet r\u00e9publicain pr\u00e9vu par Jean-Philippe Vetter prend l\u2019eau"},"content":{"rendered":"<p>Jusqu\u2019en derni\u00e8re minute ce dimanche 6\u00a0juillet, l\u2018\u00e9lu Les R\u00e9publicains <a href=\"https:\/\/www.dna.fr\/politique\/2025\/02\/28\/municipales-jean-philippe-vetter-(lr)-en-operation-seduction\" target=\"_blank\" rel=\"noopener\">Jean-Philippe Vetter<\/a> pensait tenir son meeting en plein air au <a href=\"https:\/\/www.dna.fr\/societe\/2021\/05\/31\/quand-la-cia-s-installait-au-chateau-de-pourtales\" target=\"_blank\" rel=\"noopener\"> ch\u00e2teau de Pourtal\u00e8s<\/a> avec ses sympathisants. Ce \u00ab\u00a0banquet r\u00e9publicain\u00a0\u00bb devait aborder les enjeux pour la prochaine campagne des municipales \u00e0 Strasbourg, notamment celui des alliances possibles pour battre la municipalit\u00e9 \u00e9cologiste sortante.<\/p>\n<p>Une averse d\u2019importance juste avant le d\u00e9but des prises de parole des personnalit\u00e9s (Nathalie Roos et le pr\u00e9sident de la CeA Fr\u00e9d\u00e9ric Bierry \u00e9taient notamment attendus) a finalement eu raison de cette soir\u00e9e. Faute de solution de repli, l\u2019organisateur a finalement pris la d\u00e9cision de reporter ce meeting \u00e0 une date ult\u00e9rieure.<\/p>\n","protected":false},"excerpt":{"rendered":"Jusqu\u2019en derni\u00e8re minute ce dimanche 6\u00a0juillet, l\u2018\u00e9lu Les R\u00e9publicains Jean-Philippe Vetter pensait tenir son meeting en plein air&hellip;\n","protected":false},"author":2,"featured_media":230980,"comment_status":"","ping_status":"","sticky":false,"template":"","format":"standard","meta":{"footnotes":""},"categories":[2820],"tags":[1111,11,2880,1777,674,107,1011,27,775,6319,12,316,25,104,640,2879],"class_list":{"0":"post-230979","1":"post","2":"type-post","3":"status-publish","4":"format-standard","5":"has-post-thumbnail","7":"category-strasbourg","8":"tag-actu","9":"tag-actualites","10":"tag-edition-strasbourg","11":"tag-eu","12":"tag-europe","13":"tag-fil-info","14":"tag-fr","15":"tag-france","16":"tag-grand-est","17":"tag-les-republicains","18":"tag-news","19":"tag-politique","20":"tag-republique-francaise","21":"tag-societe","22":"tag-strasbourg","23":"tag-strasbourg-ville"},"share_on_mastodon":{"url":"https:\/\/pubeurope.com\/@fr\/114807645354496609","error":""},"_links":{"self":[{"href":"https:\/\/www.europesays.com\/fr\/wp-json\/wp\/v2\/posts\/230979","targetHints":{"allow":["GET"]}}],"collection":[{"href":"https:\/\/www.europesays.com\/fr\/wp-json\/wp\/v2\/posts"}],"about":[{"href":"https:\/\/www.europesays.com\/fr\/wp-json\/wp\/v2\/types\/post"}],"author":[{"embeddable":true,"href":"https:\/\/www.europesays.com\/fr\/wp-json\/wp\/v2\/users\/2"}],"replies":[{"embeddable":true,"href":"https:\/\/www.europesays.com\/fr\/wp-json\/wp\/v2\/comments?post=230979"}],"version-history":[{"count":0,"href":"https:\/\/www.europesays.com\/fr\/wp-json\/wp\/v2\/posts\/230979\/revisions"}],"wp:featuredmedia":[{"embeddable":true,"href":"https:\/\/www.europesays.com\/fr\/wp-json\/wp\/v2\/media\/230980"}],"wp:attachment":[{"href":"https:\/\/www.europesays.com\/fr\/wp-json\/wp\/v2\/media?parent=230979"}],"wp:term":[{"taxonomy":"category","embeddable":true,"href":"https:\/\/www.europesays.com\/fr\/wp-json\/wp\/v2\/categories?post=230979"},{"taxonomy":"post_tag","embeddable":true,"href":"https:\/\/www.europesays.com\/fr\/wp-json\/wp\/v2\/tags?post=230979"}],"curies":[{"name":"wp","href":"https:\/\/api.w.org\/{rel}","templated":true}]}}