{"id":230981,"date":"2025-07-06T18:13:10","date_gmt":"2025-07-06T18:13:10","guid":{"rendered":"https:\/\/www.europesays.com\/fr\/230981\/"},"modified":"2025-07-06T18:13:10","modified_gmt":"2025-07-06T18:13:10","slug":"qui-est-adama-bal","status":"publish","type":"post","link":"https:\/\/www.europesays.com\/fr\/230981\/","title":{"rendered":"Qui est Adama Bal ?"},"content":{"rendered":"<p class=\"text-align-justify chapo\">\u00c0 tout juste 21 ans, Adama Bal a d\u00e9cid\u00e9 de franchir un nouveau cap en rejoignant la SIG Strasbourg. Form\u00e9 entre la France et les \u00c9tats-Unis, pass\u00e9 par des structures prestigieuses et d\u00e9j\u00e0 international chez les jeunes, le nouveau meneur-arri\u00e8re alsacien d\u00e9borde d\u2019ambition. Pour sa premi\u00e8re exp\u00e9rience professionnelle, il veut s\u2019affirmer, faire vibrer le Rhenus\u2026 et montrer \u00e0 la SIGArmy qui il est vraiment.<\/p>\n<p><strong>Bienvenue \u00e0 Strasbourg, Adama ! Comment s\u2019est pass\u00e9e ta signature \u00e0 la SIG Strasbourg ?<\/strong><br \/>A.B.\u00a0: \u00ab\u00a0Ma signature s\u2019est faite assez rapidement. J\u2019\u00e9tais encore aux \u00c9tats-Unis pour le \u00ab\u00a0Draft Process\u00a0\u00bb, mais j\u2019\u00e9tais bless\u00e9 durant toute cette p\u00e9riode, ce qui m\u2019a oblig\u00e9 \u00e0 prendre une d\u00e9cision. Soit j\u2019attendais septembre pour tenter un \u00ab\u00a0two-way contract\u00a0\u00bb ou une place en G-League, soit je rentrais en France pour trouver un bon projet. Et pour moi, il n\u2019y a pas vraiment eu de d\u00e9bat : je voulais rentrer. C\u2019\u00e9tait, selon moi, la meilleure d\u00e9cision.<br \/>Une fois cette d\u00e9cision prise, mon agent et moi avons \u00e9t\u00e9 contact\u00e9s par plusieurs clubs fran\u00e7ais, mais Strasbourg s\u2019est rapidement impos\u00e9 comme la meilleure opportunit\u00e9 \u00e0 court et moyen terme.\u00a0\u00bb<br \/>\n<strong>Pour ceux qui ne te connaissent pas encore tr\u00e8s bien, comment tu te d\u00e9finirais, sur et en dehors du terrain ?<\/strong><br \/>A.B.\u00a0: \u00ab\u00a0Sur le terrain, je suis un cr\u00e9ateur. J\u2019aime construire le jeu, impliquer mes co\u00e9quipiers, mais aussi prendre mes responsabilit\u00e9s en attaque. Je suis un joueur agressif, d\u00e9termin\u00e9, qui veut avoir un vrai impact sur le match. En dehors du terrain, je suis quelqu\u2019un de tr\u00e8s souriant, facile \u00e0 vivre. J\u2019aime m\u2019int\u00e9grer dans un groupe, cr\u00e9er des liens, m\u2019impliquer dans la vie collective.\u00a0\u00bb<\/p>\n<p class=\"text-align-justify\">\u00a0<\/p>\n<p><strong>\u00ab\u00a0\u00c0 21 ans, j\u2019ai d\u00e9j\u00e0 une vraie exp\u00e9rience de vie, et j\u2019ai connu le tr\u00e8s haut niveau tr\u00e8s t\u00f4t.\u00a0\u00bb<\/strong><\/p>\n<p class=\"text-align-justify\">\u00a0<\/p>\n<p><strong>Tu es pass\u00e9 par des structures de formation prestigieuses et tu as connu plusieurs exp\u00e9riences \u00e0 l\u2019\u00e9tranger. Qu\u2019est-ce que cela t\u2019a apport\u00e9 ?<\/strong><br \/>\nA.B.\u00a0: \u00ab\u00a0Honn\u00eatement, ces \u00e9tapes m\u2019ont d\u2019abord construit en tant qu\u2019humain, avant m\u00eame de parler du joueur. J\u2019ai beaucoup grandi personnellement. Ce que j\u2019ai v\u00e9cu, peu de jeunes de mon \u00e2ge l\u2019ont travers\u00e9 : partir \u00e0 l\u2019\u00e9tranger, m\u2019adapter \u00e0 diff\u00e9rentes cultures, vivre dans des environnements tr\u00e8s exigeants.<br \/>\u00c0 21 ans, j\u2019ai d\u00e9j\u00e0 une vraie exp\u00e9rience de vie, et j\u2019ai connu le tr\u00e8s haut niveau tr\u00e8s t\u00f4t. J\u2019ai appris ce que signifiait l\u2019exigence au quotidien. Et sur le plan sportif, cela m\u2019a permis de progresser vite, d\u2019apprendre aupr\u00e8s des meilleurs. C\u2019est un bagage que je vais continuer d\u2019utiliser pour la suite de ma carri\u00e8re.\u00a0\u00bb<br \/>\n<strong>Tu es encore jeune, mais avec d\u00e9j\u00e0 un certain v\u00e9cu. Qu\u2019as-tu envie de montrer ici, \u00e0 la SIG Strasbourg ?<\/strong><br \/>A.B.\u00a0: \u00ab\u00a0J\u2019ai envie de prouver mes capacit\u00e9s. En France, je suis encore un joueur assez m\u00e9connu, et je veux montrer au club, aux supporters, qui je suis vraiment, en tant que joueur, mais aussi en tant que personne. J\u2019ai h\u00e2te de faire d\u00e9couvrir mon jeu, mon \u00e9nergie, et d\u2019apporter un vrai impact sur le terrain.\u00a0\u00bb<\/p>\n<p class=\"text-align-justify\">\u00a0<\/p>\n<p><strong>\u00ab\u00a0Mon but, c\u2019est d\u2019\u00eatre un moteur pour l\u2019\u00e9quipe et de me battre\u00a0<\/strong><br \/>\n<strong>pour le collectif \u00e0 chaque match.\u00a0\u00bb<\/strong><\/p>\n<p class=\"text-align-justify\">\u00a0<\/p>\n<p><strong>Comment tu d\u00e9crirais ton style de jeu ? Et ton r\u00f4le id\u00e9al ?<\/strong><br \/>A.B.\u00a0: \u00ab\u00a0Je me vois comme un \u00ab\u00a0playmaker\u00a0\u00bb, un cr\u00e9ateur balle en main. J\u2019aime prendre des d\u00e9cisions, marquer, distribuer\u2026 Je suis un joueur complet offensivement : je peux shooter, provoquer des fautes, driver, faire jouer les autres. Mon but, c\u2019est d\u2019\u00eatre un moteur pour l\u2019\u00e9quipe et de me battre pour le collectif \u00e0 chaque match.\u00a0\u00bb<br \/>\n<strong>Y a-t-il un joueur, NBA ou autre, qui t\u2019inspire particuli\u00e8rement ?<\/strong><br \/>A.B.\u00a0: \u00ab\u00a0Aujourd\u2019hui, je regarde un peu tout. \u00catre aux \u00c9tats-Unis m\u2019a permis de suivre beaucoup de matchs en direct, d\u2019analyser tous types de joueurs, \u00e0 tous les postes. J\u2019essaie de m\u2019inspirer de ce que chacun fait de bien. Mais si je devais en citer un, en grandissant, j\u2019\u00e9tais un grand fan de Rajon Rondo. C\u2019\u00e9tait vraiment mon joueur pr\u00e9f\u00e9r\u00e9.\u00a0\u00bb<br \/>\n<strong>Tu as port\u00e9 les couleurs de l\u2019\u00c9quipe de France en U16 et U20. Qu\u2019est-ce que \u00e7a repr\u00e9sente pour toi ?<\/strong><br \/>A.B.\u00a0: \u00ab\u00a0Beaucoup de fiert\u00e9. Les deux campagnes ont \u00e9t\u00e9 riches en \u00e9motions. En U16, on est all\u00e9s jusqu\u2019en finale, m\u00eame si on l\u2019a perdue. L\u2019ann\u00e9e suivante, on a \u00e9t\u00e9 champions d\u2019Europe. Ce sont des souvenirs qui resteront grav\u00e9s \u00e0 vie. Porter le maillot bleu, repr\u00e9senter son pays, c\u2019est quelque chose de tr\u00e8s fort.\u00a0\u00bb<br \/>\n<strong>Tu fais partie d\u2019une g\u00e9n\u00e9ration tr\u00e8s suivie. Est-ce que \u00e7a t\u2019a mis une certaine pression ?<\/strong><br \/>A.B.\u00a0: \u00ab\u00a0Non, pas de pression. Au contraire, c\u2019\u00e9tait valorisant. \u00c7a m\u2019a donn\u00e9 confiance. Je suis fier de faire partie d\u2019une g\u00e9n\u00e9ration reconnue pour son talent. \u00catre identifi\u00e9 comme un joueur \u00e0 suivre, c\u2019est motivant et \u00e7a pousse \u00e0 toujours donner le meilleur.\u00a0\u00bb<\/p>\n<p class=\"text-align-justify\">\u00a0<\/p>\n<p><strong>\u00ab\u00a0Strasbourg a toujours \u00e9t\u00e9 un club que je voyais comme une place forte du championnat.\u00a0\u00bb<\/strong><\/p>\n<p class=\"text-align-center\">\u00a0<\/p>\n<p><strong>Qu\u2019est-ce qui t\u2019a motiv\u00e9 \u00e0 signer \u00e0 la SIG Strasbourg ?<\/strong><br \/>A.B.\u00a0: \u00ab\u00a0Le projet sportif, les dirigeants, les coachs\u2026 Et surtout, le club en lui-m\u00eame. Je suis originaire du Mans, donc j\u2019ai grandi en suivant la Betclic \u00c9LITE. Strasbourg a toujours \u00e9t\u00e9 un club que je voyais comme une place forte du championnat. Il y a une vraie histoire, une vraie ambiance, une grosse communaut\u00e9 de fans. C\u2019est ce qui m\u2019a s\u00e9duit.\u00a0\u00bb<br \/>\n<strong>Quels sont tes objectifs personnels cette saison ?<\/strong><br \/>A.B.\u00a0: \u00ab\u00a0C\u2019est ma premi\u00e8re ann\u00e9e professionnelle en France, donc l\u2019objectif est clair : m\u2019\u00e9tablir, m\u2019affirmer, et aider l\u2019\u00e9quipe un maximum. Et surtout : prendre du plaisir sur le terrain. C\u2019est un vrai retour aux sources pour moi.\u00a0\u00bb<br \/>\n<strong>Et collectivement, qu\u2019aimerais-tu vivre avec ce groupe ?<\/strong><br \/>A.B.\u00a0: \u00ab\u00a0Vivre une belle saison. Je veux qu\u2019on soit un groupe soud\u00e9, ambitieux. J\u2019aimerais qu\u2019on aille chercher la Leaders Cup, qu\u2019on soit performants en Coupe de France et en championnat. Et surtout, vivre une belle aventure humaine avec l\u2019\u00e9quipe tout au long de l\u2019ann\u00e9e.\u00a0\u00bb<br \/>\n<strong>Un dernier mot pour la SIGArmy ?<\/strong><br \/>A.B.\u00a0: \u00ab\u00a0Venez nombreux nous supporter ! On aura besoin de vous toute la saison et on fera tout pour vous le rendre sur le terrain. On a h\u00e2te de vivre tous ces moments avec vous au Rhenus.\u00a0\u00bb<\/p>\n<p class=\"text-align-justify\">\u00a0<\/p><\/p>\n","protected":false},"excerpt":{"rendered":"\u00c0 tout juste 21 ans, Adama Bal a d\u00e9cid\u00e9 de franchir un nouveau cap en rejoignant la SIG&hellip;\n","protected":false},"author":2,"featured_media":230982,"comment_status":"","ping_status":"","sticky":false,"template":"","format":"standard","meta":{"footnotes":""},"categories":[2820],"tags":[1111,11,3146,1777,674,1011,27,775,3145,12,25,3144,640],"class_list":{"0":"post-230981","1":"post","2":"type-post","3":"status-publish","4":"format-standard","5":"has-post-thumbnail","7":"category-strasbourg","8":"tag-actu","9":"tag-actualites","10":"tag-betclic-elite","11":"tag-eu","12":"tag-europe","13":"tag-fr","14":"tag-france","15":"tag-grand-est","16":"tag-lnb","17":"tag-news","18":"tag-republique-francaise","19":"tag-sig","20":"tag-strasbourg"},"share_on_mastodon":{"url":"https:\/\/pubeurope.com\/@fr\/114807649519307908","error":""},"_links":{"self":[{"href":"https:\/\/www.europesays.com\/fr\/wp-json\/wp\/v2\/posts\/230981","targetHints":{"allow":["GET"]}}],"collection":[{"href":"https:\/\/www.europesays.com\/fr\/wp-json\/wp\/v2\/posts"}],"about":[{"href":"https:\/\/www.europesays.com\/fr\/wp-json\/wp\/v2\/types\/post"}],"author":[{"embeddable":true,"href":"https:\/\/www.europesays.com\/fr\/wp-json\/wp\/v2\/users\/2"}],"replies":[{"embeddable":true,"href":"https:\/\/www.europesays.com\/fr\/wp-json\/wp\/v2\/comments?post=230981"}],"version-history":[{"count":0,"href":"https:\/\/www.europesays.com\/fr\/wp-json\/wp\/v2\/posts\/230981\/revisions"}],"wp:featuredmedia":[{"embeddable":true,"href":"https:\/\/www.europesays.com\/fr\/wp-json\/wp\/v2\/media\/230982"}],"wp:attachment":[{"href":"https:\/\/www.europesays.com\/fr\/wp-json\/wp\/v2\/media?parent=230981"}],"wp:term":[{"taxonomy":"category","embeddable":true,"href":"https:\/\/www.europesays.com\/fr\/wp-json\/wp\/v2\/categories?post=230981"},{"taxonomy":"post_tag","embeddable":true,"href":"https:\/\/www.europesays.com\/fr\/wp-json\/wp\/v2\/tags?post=230981"}],"curies":[{"name":"wp","href":"https:\/\/api.w.org\/{rel}","templated":true}]}}