{"id":231006,"date":"2025-07-06T18:26:14","date_gmt":"2025-07-06T18:26:14","guid":{"rendered":"https:\/\/www.europesays.com\/fr\/231006\/"},"modified":"2025-07-06T18:26:14","modified_gmt":"2025-07-06T18:26:14","slug":"les-connaissances-des-jeunes-sont-tres-heterogenes","status":"publish","type":"post","link":"https:\/\/www.europesays.com\/fr\/231006\/","title":{"rendered":"\u00ab\u00a0Les connaissances des jeunes sont tr\u00e8s h\u00e9t\u00e9rog\u00e8nes\u00a0\u00bb"},"content":{"rendered":"<p>C\u2019est la fin de l\u2019ann\u00e9e scolaire aussi pour le bus pr\u00e9vention de la R\u00e9gion qui exceptionnellement faisait \u00e9tape ce 18\u00a0juin \u00e0 l\u2019H\u00f4pital Femme M\u00e8re-Enfant de Lyon pour toucher un autre public.<\/p>\n<p>Lanc\u00e9 en mars\u00a02024, cet outil permet d\u2019informer les jeunes sur les risques li\u00e9s aux papillomavirus humains (HPV) et les sensibiliser \u00e0 l\u2019importance de la vaccination. Construit en partenariat avec l\u2019\u00c9ducation nationale, cet outil permet de compl\u00e9ter <a href=\"https:\/\/www.leprogres.fr\/sante\/2024\/11\/19\/l-ars-va-elargir-la-campagne-de-vaccination-contre-le-papillomavirus\" target=\"_blank\" rel=\"nofollow noopener\">la campagne men\u00e9e par l\u2019Agence r\u00e9gionale de sant\u00e9<\/a> dans les coll\u00e8ges.<\/p>\n<p>Rattrapage possible jusqu\u2019\u00e0 26 ans<\/p>\n<p>Le bus vise surtout les \u00e9l\u00e8ves de Seconde mais peut s\u2019adresser aussi aux Premi\u00e8res et Terminales. Car, si la cible de la vaccination contre les HPV sont les filles et gar\u00e7ons \u00e2g\u00e9s de 11 \u00e0 14 ans, la Haute autorit\u00e9 de&#8230;<\/p>\n","protected":false},"excerpt":{"rendered":"C\u2019est la fin de l\u2019ann\u00e9e scolaire aussi pour le bus pr\u00e9vention de la R\u00e9gion qui exceptionnellement faisait \u00e9tape&hellip;\n","protected":false},"author":2,"featured_media":231007,"comment_status":"","ping_status":"","sticky":false,"template":"","format":"standard","meta":{"footnotes":""},"categories":[1889],"tags":[1111,11,2430,2757,1777,674,107,1011,27,2428,2756,12,25,2429,71],"class_list":{"0":"post-231006","1":"post","2":"type-post","3":"status-publish","4":"format-standard","5":"has-post-thumbnail","7":"category-lyon","8":"tag-actu","9":"tag-actualites","10":"tag-auvergne-rhone-alpes","11":"tag-edition-lyon-villeurbanne","12":"tag-eu","13":"tag-europe","14":"tag-fil-info","15":"tag-fr","16":"tag-france","17":"tag-lyon","18":"tag-lyon-bassin","19":"tag-news","20":"tag-republique-francaise","21":"tag-rhone","22":"tag-sante"},"share_on_mastodon":{"url":"https:\/\/pubeurope.com\/@fr\/114807700432720423","error":""},"_links":{"self":[{"href":"https:\/\/www.europesays.com\/fr\/wp-json\/wp\/v2\/posts\/231006","targetHints":{"allow":["GET"]}}],"collection":[{"href":"https:\/\/www.europesays.com\/fr\/wp-json\/wp\/v2\/posts"}],"about":[{"href":"https:\/\/www.europesays.com\/fr\/wp-json\/wp\/v2\/types\/post"}],"author":[{"embeddable":true,"href":"https:\/\/www.europesays.com\/fr\/wp-json\/wp\/v2\/users\/2"}],"replies":[{"embeddable":true,"href":"https:\/\/www.europesays.com\/fr\/wp-json\/wp\/v2\/comments?post=231006"}],"version-history":[{"count":0,"href":"https:\/\/www.europesays.com\/fr\/wp-json\/wp\/v2\/posts\/231006\/revisions"}],"wp:featuredmedia":[{"embeddable":true,"href":"https:\/\/www.europesays.com\/fr\/wp-json\/wp\/v2\/media\/231007"}],"wp:attachment":[{"href":"https:\/\/www.europesays.com\/fr\/wp-json\/wp\/v2\/media?parent=231006"}],"wp:term":[{"taxonomy":"category","embeddable":true,"href":"https:\/\/www.europesays.com\/fr\/wp-json\/wp\/v2\/categories?post=231006"},{"taxonomy":"post_tag","embeddable":true,"href":"https:\/\/www.europesays.com\/fr\/wp-json\/wp\/v2\/tags?post=231006"}],"curies":[{"name":"wp","href":"https:\/\/api.w.org\/{rel}","templated":true}]}}