{"id":231012,"date":"2025-07-06T18:34:13","date_gmt":"2025-07-06T18:34:13","guid":{"rendered":"https:\/\/www.europesays.com\/fr\/231012\/"},"modified":"2025-07-06T18:34:13","modified_gmt":"2025-07-06T18:34:13","slug":"jai-vu-les-bebes-je-nai-pas-reflechi-jai-saute-par-la-fenetre-raconte-le-heros-qui-a-sauve-une-famille","status":"publish","type":"post","link":"https:\/\/www.europesays.com\/fr\/231012\/","title":{"rendered":"\u00ab\u00a0J&rsquo;ai vu les b\u00e9b\u00e9s, je n&rsquo;ai pas r\u00e9fl\u00e9chi, j&rsquo;ai saut\u00e9 par la fen\u00eatre\u00a0\u00bb, raconte le h\u00e9ros qui a sauv\u00e9 une famille"},"content":{"rendered":"<p class=\"article-p mdl\">Une famille de six personnes a \u00e9t\u00e9 pi\u00e9g\u00e9e dans un appartement en flammes situ\u00e9 au sixi\u00e8me \u00e9tage, vendredi 4 juillet dans le 18\u1d49 arrondissement de Paris. Ils ont r\u00e9ussi \u00e0 \u00e9chapper au pire gr\u00e2ce \u00e0 leur voisin, Fousseynou Ciss\u00e9. Ce dernier est sorti par la fen\u00eatre et <strong>s&rsquo;est maintenu en \u00e9quilibre par-dessus le vide<\/strong> pour faire \u00e9vacuer toute la famille, dont deux b\u00e9b\u00e9s et deux jeunes enfants.<\/p>\n<p class=\"article-p mdl\">Un sauvetage h\u00e9ro\u00efque qui a \u00e9t\u00e9 film\u00e9 par une voisine et publi\u00e9e sur\u00a0<a class=\"link\" href=\"https:\/\/www.rtl.fr\/actu\/economie-consommation\/renseignement-la-france-choisit-une-entreprise-etrangere-pour-detecter-les-menaces-sur-les-reseaux-sociaux-7900521373\" title=\"Renseignement : la France choisit une entreprise \u00e9trang\u00e8re pour d\u00e9tecter les menaces sur les r\u00e9seaux sociaux\" target=\"_blank\" rel=\"noopener\">les r\u00e9seaux sociaux<\/a>. Fousseynou Ciss\u00e9 s&rsquo;est confi\u00e9 sur RTL : <strong>\u00ab\u00a0J&rsquo;ai vu les b\u00e9b\u00e9s et les nourrissons, je n&rsquo;ai pas r\u00e9fl\u00e9chi, j&rsquo;ai saut\u00e9 par la fen\u00eatre\u00a0\u00bb<\/strong>, raconte-t-il. \u00ab\u00a0La dame, elle me voit et elle me tend ses enfants, je les ai pris et je les ai fait passer de l&rsquo;autre c\u00f4t\u00e9\u00a0\u00bb, poursuit-il.\u00a0<\/p>\n<p class=\"article-p mdl\">Le nouveau h\u00e9ros du quartier l&rsquo;assure, il n&rsquo;a pas r\u00e9fl\u00e9chi avant d&rsquo;agir, \u00ab\u00a0c&rsquo;\u00e9tait automatique\u00a0\u00bb. C&rsquo;est seulement \u00ab\u00a0apr\u00e8s l&rsquo;action\u00a0\u00bb qu&rsquo;il a pris conscience de l&rsquo;h\u00e9ro\u00efsme de son geste, assure-t-il. \u00ab\u00a0J&rsquo;ai d\u00e9couvert, comme tout le monde, les vid\u00e9os sur les r\u00e9seaux. Moi, je ne savais pas qu&rsquo;on me filmait. <strong>Je n&rsquo;ai pas calcul\u00e9 que \u00e7a prenne de l&rsquo;ampleur comme \u00e7a non plus\u00a0\u00bb.<\/strong><\/p>\n<p>    La r\u00e9daction vous recommande<\/p>\n<p class=\"s-newsletter__title\">\n                L\u2019actualit\u00e9 par la r\u00e9daction de RTL dans votre bo\u00eete mail.\n            <\/p>\n<p class=\"s-newsletter__subtitle\">\n                Gr\u00e2ce \u00e0 votre compte RTL abonnez-vous \u00e0 la newsletter RTL info pour suivre toute l&rsquo;actualit\u00e9 au quotidien\n            <\/p>\n<p>\n                                    Lire la suite\n                                <\/p>\n","protected":false},"excerpt":{"rendered":"Une famille de six personnes a \u00e9t\u00e9 pi\u00e9g\u00e9e dans un appartement en flammes situ\u00e9 au sixi\u00e8me \u00e9tage, vendredi&hellip;\n","protected":false},"author":2,"featured_media":231013,"comment_status":"","ping_status":"","sticky":false,"template":"","format":"standard","meta":{"footnotes":""},"categories":[1888],"tags":[1111,1928,11,1927,1777,674,107,1011,27,1310,12,1926,626,1925,362,360,25,14551],"class_list":{"0":"post-231012","1":"post","2":"type-post","3":"status-publish","4":"format-standard","5":"has-post-thumbnail","7":"category-paris","8":"tag-actu","9":"tag-actu-paris","10":"tag-actualites","11":"tag-actualites-paris","12":"tag-eu","13":"tag-europe","14":"tag-fil-info","15":"tag-fr","16":"tag-france","17":"tag-incendie","18":"tag-news","19":"tag-news-paris","20":"tag-paris","21":"tag-paris-news","22":"tag-replay","23":"tag-replay-integral","24":"tag-republique-francaise","25":"tag-sauvetage"},"share_on_mastodon":{"url":"https:\/\/pubeurope.com\/@fr\/114807732151245715","error":""},"_links":{"self":[{"href":"https:\/\/www.europesays.com\/fr\/wp-json\/wp\/v2\/posts\/231012","targetHints":{"allow":["GET"]}}],"collection":[{"href":"https:\/\/www.europesays.com\/fr\/wp-json\/wp\/v2\/posts"}],"about":[{"href":"https:\/\/www.europesays.com\/fr\/wp-json\/wp\/v2\/types\/post"}],"author":[{"embeddable":true,"href":"https:\/\/www.europesays.com\/fr\/wp-json\/wp\/v2\/users\/2"}],"replies":[{"embeddable":true,"href":"https:\/\/www.europesays.com\/fr\/wp-json\/wp\/v2\/comments?post=231012"}],"version-history":[{"count":0,"href":"https:\/\/www.europesays.com\/fr\/wp-json\/wp\/v2\/posts\/231012\/revisions"}],"wp:featuredmedia":[{"embeddable":true,"href":"https:\/\/www.europesays.com\/fr\/wp-json\/wp\/v2\/media\/231013"}],"wp:attachment":[{"href":"https:\/\/www.europesays.com\/fr\/wp-json\/wp\/v2\/media?parent=231012"}],"wp:term":[{"taxonomy":"category","embeddable":true,"href":"https:\/\/www.europesays.com\/fr\/wp-json\/wp\/v2\/categories?post=231012"},{"taxonomy":"post_tag","embeddable":true,"href":"https:\/\/www.europesays.com\/fr\/wp-json\/wp\/v2\/tags?post=231012"}],"curies":[{"name":"wp","href":"https:\/\/api.w.org\/{rel}","templated":true}]}}