{"id":231014,"date":"2025-07-06T18:35:10","date_gmt":"2025-07-06T18:35:10","guid":{"rendered":"https:\/\/www.europesays.com\/fr\/231014\/"},"modified":"2025-07-06T18:35:10","modified_gmt":"2025-07-06T18:35:10","slug":"a-peine-inauguree-la-baignade-dans-la-seine-interdite","status":"publish","type":"post","link":"https:\/\/www.europesays.com\/fr\/231014\/","title":{"rendered":"A peine inaugur\u00e9e, la baignade dans la Seine interdite"},"content":{"rendered":"<p>      <img fetchpriority=\"high\" decoding=\"async\" class=\"mx-auto\" src=\"data:image\/svg+xml,%3Csvg%20xmlns%3D%27http%3A%2F%2Fwww.w3.org%2F2000%2Fsvg%27%20fill%3D%22%23e4e4e4%22%20viewBox%3D%270%200%20510%20340%27%20width%3D%22510%22%20height%3D%22340%22%3E%3Cpath%20d%3D%27M0%200h510v340H0z%27%2F%3E%3C%2Fsvg%3E\"  loading=\"eager\" width=\"510\" height=\"340\" data-oncrawl-image-size=\"510x340\" alt=\"Des baigneurs se sont baign\u00e9s \u00e0 la zone de baignade s\u00e9curis\u00e9e de Bercy, sur la Seine, le jour de son ouverture, \u00e0 Paris, le 5\u00a0juillet 2025. \"\/>      <\/p>\n<p class=\"latino-100m text-grey-800\">\n            Des baigneurs se sont baign\u00e9s \u00e0 la zone de baignade s\u00e9curis\u00e9e de Bercy, sur la Seine, le jour de son ouverture, \u00e0 Paris, le 5\u00a0juillet 2025. \u00a0JULIEN DE ROSA \/ AFP        <\/p>\n<p>    Lire\u00a0plus\u00a0tard  <\/p>\n<p><a aria-label=\"Nous suivre sur Google News\" href=\"https:\/\/news.google.com\/publications\/CAAqBwgKMJe4nQkw3dFs?hl=fr&amp;gl=FR&amp;ceid=FR%3Afr\" target=\"_blank\" data-piano=\"Page_Article,Sous_date_publi,Nous_suivre_sur_google_news,1er_clic,action\" class=\"btn btn--small btn--tertiary btn--icon-only\" rel=\"nofollow noopener\"><\/p>\n<p>      Google Actualit\u00e9s<br \/>\n  <\/a><\/p>\n<p>  Partager<\/p>\n<p>        Facebook<\/p>\n<p>        Bluesky<\/p>\n<p>        E-mail<\/p>\n<p>        Copier le lien<\/p>\n<p>      Envoyer<\/p>\n<p>  S\u2019abonner<\/p>\n<p class=\"node__paragraphe antonia-750r text-grey-800 pb-24 pb-md-30\">\nA peine inaugur\u00e9e, d\u00e9j\u00e0 interdite. Au lendemain de leur inauguration dans une ambiance festive, les trois sites parisiens de baignade dans la Seine sont rest\u00e9s ferm\u00e9s dimanche en raison des pluies qui ont touch\u00e9 la capitale, a indiqu\u00e9 la mairie de Paris sur son site internet.<\/p>\n<p class=\"node__paragraphe antonia-750r text-grey-800 pb-24 pb-md-30\">\nConditions m\u00e9t\u00e9o obligent, le drapeau rouge a \u00e9t\u00e9 lev\u00e9 dimanche matin \u00e0 l\u2019entr\u00e9e des trois sites parisiens de baignade en eau libre, interdisant l\u2019acc\u00e8s des nageurs aux bassins.<\/p>\n<p class=\"node__paragraphe antonia-750r text-grey-800 pb-24 pb-md-30\">\n\u00ab\u00a0On a un protocole, qu\u2019on respecte \u00e0 la lettre, qui veut que s\u2019il pleut plus de 10 millim\u00e8tres en moins de 12 heures, ce qui correspond \u00e0 une pluie intense, on n\u2019ouvre pas la baignade en attendant les r\u00e9sultats de la qualit\u00e9 de l\u2019eau\u00a0\u00bb, a expliqu\u00e9 Pierre Rabadan, adjoint aux sports \u00e0 la mairie de Paris \u00e0 l\u2019AFP.<\/p>\n<p class=\"latino-500b text-grey-600 pb-16\">A lire aussi<\/p>\n<p><a href=\"https:\/\/www.nouvelobs.com\/sport\/20240717.OBS91255\/j-ai-nage-dans-la-seine-et-j-ai-aime-ca.html\" data-article-key=\"20240717.OBS91255\" class=\"link--box flex-grow-1\" data-piano=\"Page_Article,Lire_aussi,,Lien1,navigation\" rel=\"nofollow noopener\" target=\"_blank\"><\/p>\n<p>                <img decoding=\"async\" src=\"data:image\/svg+xml,%3Csvg%20xmlns%3D%27http%3A%2F%2Fwww.w3.org%2F2000%2Fsvg%27%20fill%3D%22%23e4e4e4%22%20viewBox%3D%270%200%20120%2080%27%20width%3D%22120%22%20height%3D%2280%22%3E%3Cpath%20d%3D%27M0%200h120v80H0z%27%2F%3E%3C%2Fsvg%3E\"  width=\"120\" height=\"79\" loading=\"lazy\" alt=\"Baignade dans la Seine le 16\u00a0juillet 2024.\"\/><\/p>\n<p class=\"latino-300r latino-lg-600m text-grey-800\">\n                      <strong class=\"latino-300b latino-lg-600m text-grey-500\">Billet\u00a0<\/strong><br \/>\n                    J\u2019ai nag\u00e9 dans la Seine\u2026 et j\u2019ai aim\u00e9 \u00e7a        <\/p>\n<p><\/a><\/p>\n<p class=\"node__paragraphe antonia-750r text-grey-800 pb-24 pb-md-30\">\nLes sites du bras Marie (4e arrondissement, centre), de Grenelle (15e, ouest) et de Bercy (12e, est) resteront ferm\u00e9s jusqu\u2019\u00e0 lundi inclus, le temps de recevoir mardi matin les r\u00e9sultats des tests effectu\u00e9s sur des \u00e9chantillons d\u2019eau, a indiqu\u00e9 la municipalit\u00e9.<\/p>\n<p class=\"node__paragraphe antonia-750r text-grey-800 pb-24 pb-md-30\">\nLa piscine de Paris Plage situ\u00e9e sur le bassin de la Villette (19e), pourrait rouvrir demain en fonction de la qualit\u00e9 de l\u2019eau.<\/p>\n<p class=\"node__paragraphe antonia-750r text-grey-800 pb-24 pb-md-30\">\nQuant au dernier site situ\u00e9 sur le canal Saint-Martin (10e) qui devait accueillir ses premiers nageurs dimanche, il a lui aussi a d\u00fb rester ferm\u00e9 \u00ab\u00a0en raison du niveau de pluviom\u00e9trie relev\u00e9, qui compromet la qualit\u00e9 de l\u2019eau\u00a0\u00bb, a indiqu\u00e9 la mairie d\u2019arrondissement sur X, donnant rendez-vous aux baigneurs mercredi \u00e0 12\u00a0heures.<\/p>\n<p class=\"node__paragraphe antonia-750r text-grey-800 pb-24 pb-md-30\">\nCes fermetures, \u00ab\u00a0on s\u2019en serait bien pass\u00e9, mais \u00e7a prouve aussi le s\u00e9rieux du protocole et de la s\u00e9curit\u00e9 maximale qu\u2019on a mis en place autour\u00a0\u00bb, a insist\u00e9 Pierre Rabadan.<\/p>\n<p>Plus de 2\u00a0300\u00a0baigneurs<\/p>\n<p class=\"node__paragraphe antonia-750r text-grey-800 pb-24 pb-md-30\">\nSamedi, plus de 2\u00a0300 visiteurs ont \u00e9t\u00e9 comptabilis\u00e9s sur les trois sites de baignade, selon la mairie de Paris.<\/p>\n<p class=\"node__paragraphe antonia-750r text-grey-800 pb-24 pb-md-30\">\nComme sur les plages, un syst\u00e8me de drapeaux &#8211; vert, jaune et rouge &#8211; \u00e9tabli \u00e0 l\u2019entr\u00e9e des sites permet de conna\u00eetre le d\u00e9bit de la Seine et la qualit\u00e9 de l\u2019eau.<\/p>\n<p class=\"latino-500b text-grey-600 pb-16\">A lire aussi<\/p>\n<p><a href=\"https:\/\/www.nouvelobs.com\/chroniques\/20240730.OBS91811\/test-vous-etes-vous-baigne-dans-la-seine.html\" data-article-key=\"20240730.OBS91811\" class=\"link--box flex-grow-1\" data-piano=\"Page_Article,Lire_aussi,,Lien2,navigation\" rel=\"nofollow noopener\" target=\"_blank\"><\/p>\n<p>                <img decoding=\"async\" src=\"data:image\/svg+xml,%3Csvg%20xmlns%3D%27http%3A%2F%2Fwww.w3.org%2F2000%2Fsvg%27%20fill%3D%22%23e4e4e4%22%20viewBox%3D%270%200%20120%2080%27%20width%3D%22120%22%20height%3D%2280%22%3E%3Cpath%20d%3D%27M0%200h120v80H0z%27%2F%3E%3C%2Fsvg%3E\"  width=\"120\" height=\"80\" loading=\"lazy\" alt=\"Vue sur la tour Eiffel depuis la Seine, le 29\u00a0juillet 2024\u00a0\u00e0 Paris.\"\/><\/p>\n<p class=\"latino-300r latino-lg-600m text-grey-800\">\n                      <strong class=\"latino-300b latino-lg-600m text-grey-500\">Chronique\u00a0<\/strong><br \/>\n                    Test\u00a0: vous \u00eates-vous baign\u00e9 dans la Seine\u00a0?        <\/p>\n<p><\/a><\/p>\n<p class=\"node__paragraphe antonia-750r text-grey-800 pb-24 pb-md-30\">\nLe laboratoire d\u2019Eau de Paris effectue des pr\u00e9l\u00e8vements quotiennement dans la Seine et l\u2019Autorit\u00e9 r\u00e9gionale de sant\u00e9 tous les trois jours afin de garantir la qualit\u00e9 de l\u2019eau du fleuve.<\/p>\n<p class=\"node__paragraphe antonia-750r text-grey-800 pb-24 pb-md-30\">\nL\u2019\u00e9t\u00e9 dernier, les pluies record enregistr\u00e9es pendant les JO avaient souvent rendu l\u2019eau impropre \u00e0 la baignade des athl\u00e8tes, notamment \u00e0 cause des taux ponctuellement trop \u00e9lev\u00e9s de bact\u00e9ries f\u00e9cales (Escherichia coli et ent\u00e9rocoques) apr\u00e8s de fortes pluies.<\/p>\n<p class=\"latino-500b text-grey-600 pb-16\">A lire aussi<\/p>\n<p><a href=\"https:\/\/www.nouvelobs.com\/ecologie\/20240408.OBS86838\/la-difficile-reconquete-des-eaux-de-la-seine.html\" data-article-key=\"20240408.OBS86838\" class=\"link--box flex-grow-1\" data-piano=\"Page_Article,Lire_aussi,,Lien3,navigation\" rel=\"nofollow noopener\" target=\"_blank\"><\/p>\n<p>                <img decoding=\"async\" src=\"data:image\/svg+xml,%3Csvg%20xmlns%3D%27http%3A%2F%2Fwww.w3.org%2F2000%2Fsvg%27%20fill%3D%22%23e4e4e4%22%20viewBox%3D%270%200%20120%2080%27%20width%3D%22120%22%20height%3D%2280%22%3E%3Cpath%20d%3D%27M0%200h120v80H0z%27%2F%3E%3C%2Fsvg%3E\"  width=\"120\" height=\"79\" loading=\"lazy\" alt=\"Le d\u00e9but de l\u2019\u00e9preuve test des Jeux olympiques, mondiaux de triathlon \u00e0 Paris, le 17 ao\u00fbt 2023.\"\/><\/p>\n<p class=\"latino-300r latino-lg-600m text-grey-800\">\n                      <strong class=\"latino-300b latino-lg-600m text-grey-500\">D\u00e9cryptage\u00a0<\/strong><br \/>\n                    La difficile reconqu\u00eate des eaux de la Seine        <\/p>\n<p><\/a><\/p>\n<p class=\"node__paragraphe antonia-750r text-grey-800 pb-24 pb-md-30\">\nDepuis 2016, \u00c9tat et collectivit\u00e9s locales franciliennes ont investi environ 1,4 milliard d\u2019euros pour rendre baignables la Seine et la Marne, son principal affluent en Ile-de-France, avec notamment la mise en conformit\u00e9 de la collecte des eaux us\u00e9es.<\/p>\n<p class=\"authors latino-600m text-grey-800\">\n<p>  Par\u00a0<br \/>\nLe Nouvel Obs avec AFP<\/p>\n","protected":false},"excerpt":{"rendered":"Des baigneurs se sont baign\u00e9s \u00e0 la zone de baignade s\u00e9curis\u00e9e de Bercy, sur la Seine, le jour&hellip;\n","protected":false},"author":2,"featured_media":231015,"comment_status":"","ping_status":"","sticky":false,"template":"","format":"standard","meta":{"footnotes":""},"categories":[1888],"tags":[17,1111,1928,11,1927,15109,1777,674,1011,27,16478,22680,12,1926,626,1925,6191,25,13527,104,517],"class_list":{"0":"post-231014","1":"post","2":"type-post","3":"status-publish","4":"format-standard","5":"has-post-thumbnail","7":"category-paris","8":"tag-17","9":"tag-actu","10":"tag-actu-paris","11":"tag-actualites","12":"tag-actualites-paris","13":"tag-baignade","14":"tag-eu","15":"tag-europe","16":"tag-fr","17":"tag-france","18":"tag-inauguree","19":"tag-interdite","20":"tag-news","21":"tag-news-paris","22":"tag-paris","23":"tag-paris-news","24":"tag-peine","25":"tag-republique-francaise","26":"tag-seine","27":"tag-societe","28":"tag-sport"},"share_on_mastodon":{"url":"https:\/\/pubeurope.com\/@fr\/114807736055690513","error":""},"_links":{"self":[{"href":"https:\/\/www.europesays.com\/fr\/wp-json\/wp\/v2\/posts\/231014","targetHints":{"allow":["GET"]}}],"collection":[{"href":"https:\/\/www.europesays.com\/fr\/wp-json\/wp\/v2\/posts"}],"about":[{"href":"https:\/\/www.europesays.com\/fr\/wp-json\/wp\/v2\/types\/post"}],"author":[{"embeddable":true,"href":"https:\/\/www.europesays.com\/fr\/wp-json\/wp\/v2\/users\/2"}],"replies":[{"embeddable":true,"href":"https:\/\/www.europesays.com\/fr\/wp-json\/wp\/v2\/comments?post=231014"}],"version-history":[{"count":0,"href":"https:\/\/www.europesays.com\/fr\/wp-json\/wp\/v2\/posts\/231014\/revisions"}],"wp:featuredmedia":[{"embeddable":true,"href":"https:\/\/www.europesays.com\/fr\/wp-json\/wp\/v2\/media\/231015"}],"wp:attachment":[{"href":"https:\/\/www.europesays.com\/fr\/wp-json\/wp\/v2\/media?parent=231014"}],"wp:term":[{"taxonomy":"category","embeddable":true,"href":"https:\/\/www.europesays.com\/fr\/wp-json\/wp\/v2\/categories?post=231014"},{"taxonomy":"post_tag","embeddable":true,"href":"https:\/\/www.europesays.com\/fr\/wp-json\/wp\/v2\/tags?post=231014"}],"curies":[{"name":"wp","href":"https:\/\/api.w.org\/{rel}","templated":true}]}}