{"id":231017,"date":"2025-07-06T18:37:11","date_gmt":"2025-07-06T18:37:11","guid":{"rendered":"https:\/\/www.europesays.com\/fr\/231017\/"},"modified":"2025-07-06T18:37:11","modified_gmt":"2025-07-06T18:37:11","slug":"les-longues-coupures-de-courant-dans-louest-de-paris-mettent-en-lumiere-un-mouvement-social-dampleur-chez-enedis-liberation","status":"publish","type":"post","link":"https:\/\/www.europesays.com\/fr\/231017\/","title":{"rendered":"les longues coupures de courant dans l\u2019Ouest de Paris mettent en lumi\u00e8re un mouvement social d\u2019ampleur chez Enedis \u2013 Lib\u00e9ration"},"content":{"rendered":"<p class=\"sc-ksZaOG ehjQrN text-element\"><a href=\"https:\/\/www.liberation.fr\/environnement\/climat\/la-vague-de-chaleur-officiellement-terminee-vendredi-a-ete-aussi-longue-que-celle-de-2003-20250706_QUXH2M26NREEXJ752SHXJYLWGY\/\" target=\"_blank\" rel=\"noreferrer noopener\" title=\"https:\/\/www.liberation.fr\/environnement\/climat\/la-vague-de-chaleur-officiellement-terminee-vendredi-a-ete-aussi-longue-que-celle-de-2003-20250706_QUXH2M26NREEXJ752SHXJYLWGY\/\">La canicule<\/a> a mis \u00e0 mal plusieurs syst\u00e8mes \u00e9lectriques en Europe, notamment en France. Sauf qu\u2019\u00e0 Paris, un mouvement social chez les agents Enedis est venu amplifier l\u2019impact de la vague de chaleur sur le r\u00e9seau. Depuis samedi 5 juillet, des coupures de courant ont touch\u00e9 de nombreux secteurs, rues et b\u00e2timents de l\u2019Ouest parisien : Galeries Lafayette, b\u00e2timents de l\u2019Assembl\u00e9e nationale\u2026 Mais aussi de nombreuses rues des XVe et XVIe arrondissements, jusqu\u2019\u00e0 l\u2019avenue de l\u2019Op\u00e9ra. \u00abLes temps de coupures sont plut\u00f4t tr\u00e8s bas habituellement \u00e0 Paris, compar\u00e9 \u00e0 de nombreux autres endroits dans le reste de la France\u00bb, notamment en raison de la structure du r\u00e9seau de la capitale, explique \u00e0 Lib\u00e9ration Arnaud Baret, d\u00e9l\u00e9gu\u00e9 syndical CGT Enedis Paris. Mais il ajoute : \u00abCe qui est s\u00fbr, c\u2019est que s\u2019il n\u2019y avait pas eu de mouvement social, le courant aurait \u00e9t\u00e9 r\u00e9tabli plus vite.\u00bb<\/p>\n<p class=\"sc-ksZaOG ehjQrN text-element\">Or la situation \u00e0 Paris reste tendue. Le courant ne sera pas r\u00e9tabli avant 2 heures du matin dans la nuit de ce dimanche \u00e0 lundi dans certaines rues du XVIe arrondissement, voire lundi 17h30 par e<\/p>\n","protected":false},"excerpt":{"rendered":"La canicule a mis \u00e0 mal plusieurs syst\u00e8mes \u00e9lectriques en Europe, notamment en France. Sauf qu\u2019\u00e0 Paris, un&hellip;\n","protected":false},"author":2,"featured_media":231018,"comment_status":"","ping_status":"","sticky":false,"template":"","format":"standard","meta":{"footnotes":""},"categories":[1888],"tags":[11,6698,1271,1647,893,1777,674,1011,27,12,626,25],"class_list":{"0":"post-231017","1":"post","2":"type-post","3":"status-publish","4":"format-standard","5":"has-post-thumbnail","7":"category-paris","8":"tag-actualites","9":"tag-canicule","10":"tag-cgt","11":"tag-edf","12":"tag-energie","13":"tag-eu","14":"tag-europe","15":"tag-fr","16":"tag-france","17":"tag-news","18":"tag-paris","19":"tag-republique-francaise"},"share_on_mastodon":{"url":"https:\/\/pubeurope.com\/@fr\/114807743643033553","error":""},"_links":{"self":[{"href":"https:\/\/www.europesays.com\/fr\/wp-json\/wp\/v2\/posts\/231017","targetHints":{"allow":["GET"]}}],"collection":[{"href":"https:\/\/www.europesays.com\/fr\/wp-json\/wp\/v2\/posts"}],"about":[{"href":"https:\/\/www.europesays.com\/fr\/wp-json\/wp\/v2\/types\/post"}],"author":[{"embeddable":true,"href":"https:\/\/www.europesays.com\/fr\/wp-json\/wp\/v2\/users\/2"}],"replies":[{"embeddable":true,"href":"https:\/\/www.europesays.com\/fr\/wp-json\/wp\/v2\/comments?post=231017"}],"version-history":[{"count":0,"href":"https:\/\/www.europesays.com\/fr\/wp-json\/wp\/v2\/posts\/231017\/revisions"}],"wp:featuredmedia":[{"embeddable":true,"href":"https:\/\/www.europesays.com\/fr\/wp-json\/wp\/v2\/media\/231018"}],"wp:attachment":[{"href":"https:\/\/www.europesays.com\/fr\/wp-json\/wp\/v2\/media?parent=231017"}],"wp:term":[{"taxonomy":"category","embeddable":true,"href":"https:\/\/www.europesays.com\/fr\/wp-json\/wp\/v2\/categories?post=231017"},{"taxonomy":"post_tag","embeddable":true,"href":"https:\/\/www.europesays.com\/fr\/wp-json\/wp\/v2\/tags?post=231017"}],"curies":[{"name":"wp","href":"https:\/\/api.w.org\/{rel}","templated":true}]}}