{"id":231019,"date":"2025-07-06T18:38:10","date_gmt":"2025-07-06T18:38:10","guid":{"rendered":"https:\/\/www.europesays.com\/fr\/231019\/"},"modified":"2025-07-06T18:38:10","modified_gmt":"2025-07-06T18:38:10","slug":"face-a-trump-les-brics-sinquietent-des-droits-de-douane-unilateraux","status":"publish","type":"post","link":"https:\/\/www.europesays.com\/fr\/231019\/","title":{"rendered":"Face \u00e0 Trump, les Brics s&rsquo;inqui\u00e8tent des droits de douane \u00abunilat\u00e9raux\u00bb"},"content":{"rendered":"<p>R\u00e9unis au Br\u00e9sil, les dirigeants de onze grands pays \u00e9mergents, dont la Chine, l\u2019Inde, la Russie et l\u2019Afrique du Sud, ont aussi r\u00e9clam\u00e9 un \u00abcessez-le-feu imm\u00e9diat\u00bb \u00e0 Gaza et le \u00abretrait complet\u00bb des forces isra\u00e9liennes, selon la d\u00e9claration conjointe publi\u00e9e dimanche au premier jour du sommet.<\/p>\n<p class=\"fig-paragraph\">Sous haute s\u00e9curit\u00e9, les dirigeants de onze grands pays \u00e9mergents (dont Br\u00e9sil, Chine, Inde, Russie et Afrique du Sud), se retrouvent pour deux jours \u00e0 Rio de Jaeiro, au Br\u00e9sil. Au bord de la sublime baie de Guanabara, les\u00a0<a href=\"http:\/\/www.lefigaro.fr\/international\/frais-de-douane-les-brics-vont-exprimer-leurs-graves-preoccupations-20250706\" target=\"_blank\" data-fig-type=\"NewsFlash\" rel=\"noopener nofollow\" data-gtm-custom-categorie=\"navigation\" data-gtm-custom-action=\"crossclick\" data-gtm-custom-label=\"Contextuel\" data-gtm-event=\"customEventSPE\" data-fig-domain=\"LEFIGARO\">Brics<\/a>\u00a0ont exprim\u00e9 leurs \u00abs\u00e9rieuses pr\u00e9occupations\u00bb face aux droits de douane \u00abunilat\u00e9raux\u00bb, au moment o\u00f9 le monde est mis sous tension par la guerre commerciale lanc\u00e9e par Donald Trump &#8211; qu&rsquo;ils n&rsquo;ont toutefois pas cit\u00e9. \u00abNous exprimons de s\u00e9rieuses pr\u00e9occupations face \u00e0 l&rsquo;augmentation de mesures douani\u00e8res et non-douani\u00e8res unilat\u00e9rales qui faussent le commerce\u00bb, selon la d\u00e9claration conjointe publi\u00e9e au premier jour du sommet.<\/p>\n<p class=\"fig-paragraph\">De telles mesures \u00abaffectent les perspectives de d\u00e9veloppement \u00e9conomique global\u00bb, ont alert\u00e9 les Brics, qui repr\u00e9sentent pr\u00e8s de la moiti\u00e9 de la population mondiale et 40% du PIB de la plan\u00e8te.<\/p>\n<p>                                    <a class=\"fig-a11y-skip a11y-hidden\" href=\"#fig-a11y-skip-main-inarticle\"><br \/>\n        Passer la publicit\u00e9<br \/>\n    <\/a><\/p>\n<p class=\"fig-paragraph\">Mais les dirigeants se gardent de nommer les \u00c9tats-Unis et Donald Trump, alors que de nombreux pays, dont la Chine, sont engag\u00e9s dans des n\u00e9gociations avec Washington sur le sujet. Le ministre am\u00e9ricain du Tr\u00e9sor Scott Bessent a affirm\u00e9 dimanche que faute d&rsquo;accord avec Washington dans les prochains jours, les droits de douane &#8211; pouvant atteindre 50% &#8211; entreraient en vigueur le 1er ao\u00fbt.<\/p>\n<p class=\"fig-paragraph\">Les vastes droits de douane annonc\u00e9s d\u00e9but avril avaient \u00e9t\u00e9 rapidement suspendus par les \u00c9tats-Unis, le temps de n\u00e9gocier avec leurs partenaires commerciaux.<\/p>\n<p>\u00abEffondrement\u00bb du multilat\u00e9ralisme<\/p>\n<p class=\"fig-paragraph\">H\u00f4te du sommet, le pr\u00e9sident br\u00e9silien de gauche Luiz Inacio Lula da Silva a ouvert la r\u00e9union sur un sombre tableau de la coop\u00e9ration internationale. \u00abNous assistons \u00e0 un effondrement sans pr\u00e9c\u00e9dent du multilat\u00e9ralisme\u00bb, a-t-il lanc\u00e9.<\/p>\n<p class=\"fig-paragraph\">Le sommet annuel des Brics est en outre affaibli par l&rsquo;absence de certains poids lourds, \u00e0 commencer par le pr\u00e9sident chinois Xi Jinping, qui pour la premi\u00e8re fois depuis son arriv\u00e9e au pouvoir en 2012 n&rsquo;y participe pas. Son pays est pourtant la puissance dominante du bloc.<\/p>\n<p class=\"fig-paragraph\">Le pr\u00e9sident russe Vladimir Poutine, vis\u00e9 par un mandat d&rsquo;arr\u00eat de la Cour p\u00e9nale internationale (CPI) pour crime de guerre pr\u00e9sum\u00e9 en Ukraine, n&rsquo;a pas non plus fait le d\u00e9placement. S&rsquo;exprimant en visioconf\u00e9rence, il a cependant fait l&rsquo;\u00e9loge des Brics, jugeant que \u00able syst\u00e8me unipolaire dans les relations internationales (&#8230;) appartient d\u00e9sormais au pass\u00e9\u00bb.<\/p>\n<p>                                    <a class=\"fig-a11y-skip a11y-hidden\" href=\"#fig-a11y-skip-main-inarticle_mtf\"><br \/>\n        Passer la publicit\u00e9<br \/>\n    <\/a><\/p>\n<p>Iran et Gaza<\/p>\n<p class=\"fig-paragraph\">La situation au Moyen-Orient s&rsquo;est aussi impos\u00e9e dans les discussions. En ouverture, Lula a appel\u00e9 \u00e0 ne \u00abpas rester indiff\u00e9rents face au g\u00e9nocide perp\u00e9tr\u00e9 par Isra\u00ebl \u00e0 Gaza\u00bb, reprenant une accusation qui a d\u00e9j\u00e0 valu une crise diplomatique entre les gouvernements br\u00e9silien et isra\u00e9lien.<\/p>\n<p class=\"fig-paragraph\">Dans leur d\u00e9claration, les Brics ont pour leur part r\u00e9clam\u00e9 un \u00abcessez-le-feu imm\u00e9diat, permanent et inconditionnel\u00bb et le \u00abretrait complet\u00bb des forces isra\u00e9liennes de la bande de Gaza, o\u00f9 elles sont en guerre contre le mouvement islamiste palestinien Hamas. Des n\u00e9gociations indirectes entre Isra\u00ebl et le Hamas doivent commencer dimanche \u00e0 Doha pour tenter de trouver un accord sur une tr\u00eave dans la bande de Gaza et une lib\u00e9ration d&rsquo;otages.<\/p>\n<p class=\"fig-paragraph\">Par ailleurs, les Brics ont \u00abcondamn\u00e9 les attaques militaires\u00bb men\u00e9es contre l&rsquo;Iran en juin, d\u00e9non\u00e7ant une \u00abviolation du droit international\u00bb, mais sans citer les \u00c9tats-Unis et Isra\u00ebl, qui ont conduit cette guerre de douze jours avec T\u00e9h\u00e9ran.<\/p>\n<p class=\"fig-paragraph\">Cr\u00e9\u00e9 dans le but de r\u00e9\u00e9quilibrer l&rsquo;ordre mondial au b\u00e9n\u00e9fice du \u00abSud global\u00bb face \u00e0 l&rsquo;Occident, le groupe des Brics s&rsquo;est \u00e9largi depuis 2023 avec l&rsquo;Arabie saoudite, l&rsquo;\u00c9gypte, les \u00c9mirats arabes unis, l&rsquo;\u00c9thiopie, l&rsquo;Iran puis l&rsquo;Indon\u00e9sie. Mais en grossissant, le groupe est devenu de plus en plus h\u00e9t\u00e9roclite, compliquant l&rsquo;\u00e9laboration de positions communes.<\/p>\n<p class=\"fig-paragraph\">Ces derniers jours, les n\u00e9gociateurs ont pein\u00e9 pour arriver \u00e0 un projet de d\u00e9claration conjointe, notamment sur l&rsquo;Iran. Apr\u00e8s des tensions, les repr\u00e9sentants iraniens ont obtenu que le ton soit un peu plus dur que dans une d\u00e9claration du groupe publi\u00e9e le 24 juin, qui exprimait une \u00abprofonde pr\u00e9occupation\u00bb concernant les attaques, sans les condamner formellement.<\/p>\n<p>                                    <a class=\"fig-a11y-skip a11y-hidden\" href=\"#fig-a11y-skip-main-inarticle_btf\"><br \/>\n        Passer la publicit\u00e9<br \/>\n    <\/a><\/p>\n<p class=\"fig-paragraph\">En plus de la d\u00e9claration commune, les Brics comptent aussi publier des textes sur l&rsquo;intelligence artificielle, la coop\u00e9ration sanitaire et le climat. Ce dernier th\u00e8me est particuli\u00e8rement important pour le Br\u00e9sil, qui accueillera en novembre la COP30, la conf\u00e9rence climat de l&rsquo;ONU, dans la ville amazonienne de Belem.<\/p>\n","protected":false},"excerpt":{"rendered":"R\u00e9unis au Br\u00e9sil, les dirigeants de onze grands pays \u00e9mergents, dont la Chine, l\u2019Inde, la Russie et l\u2019Afrique&hellip;\n","protected":false},"author":2,"featured_media":231020,"comment_status":"","ping_status":"","sticky":false,"template":"","format":"standard","meta":{"footnotes":""},"categories":[1591],"tags":[11,9322,1887,12,1885,1886,132],"class_list":{"0":"post-231019","1":"post","2":"type-post","3":"status-publish","4":"format-standard","5":"has-post-thumbnail","7":"category-russie","8":"tag-actualites","9":"tag-brics","10":"tag-federation-de-russie","11":"tag-news","12":"tag-russia","13":"tag-russian-federation","14":"tag-russie"},"share_on_mastodon":{"url":"https:\/\/pubeurope.com\/@fr\/114807747634903066","error":""},"_links":{"self":[{"href":"https:\/\/www.europesays.com\/fr\/wp-json\/wp\/v2\/posts\/231019","targetHints":{"allow":["GET"]}}],"collection":[{"href":"https:\/\/www.europesays.com\/fr\/wp-json\/wp\/v2\/posts"}],"about":[{"href":"https:\/\/www.europesays.com\/fr\/wp-json\/wp\/v2\/types\/post"}],"author":[{"embeddable":true,"href":"https:\/\/www.europesays.com\/fr\/wp-json\/wp\/v2\/users\/2"}],"replies":[{"embeddable":true,"href":"https:\/\/www.europesays.com\/fr\/wp-json\/wp\/v2\/comments?post=231019"}],"version-history":[{"count":0,"href":"https:\/\/www.europesays.com\/fr\/wp-json\/wp\/v2\/posts\/231019\/revisions"}],"wp:featuredmedia":[{"embeddable":true,"href":"https:\/\/www.europesays.com\/fr\/wp-json\/wp\/v2\/media\/231020"}],"wp:attachment":[{"href":"https:\/\/www.europesays.com\/fr\/wp-json\/wp\/v2\/media?parent=231019"}],"wp:term":[{"taxonomy":"category","embeddable":true,"href":"https:\/\/www.europesays.com\/fr\/wp-json\/wp\/v2\/categories?post=231019"},{"taxonomy":"post_tag","embeddable":true,"href":"https:\/\/www.europesays.com\/fr\/wp-json\/wp\/v2\/tags?post=231019"}],"curies":[{"name":"wp","href":"https:\/\/api.w.org\/{rel}","templated":true}]}}