{"id":231022,"date":"2025-07-06T18:40:11","date_gmt":"2025-07-06T18:40:11","guid":{"rendered":"https:\/\/www.europesays.com\/fr\/231022\/"},"modified":"2025-07-06T18:40:11","modified_gmt":"2025-07-06T18:40:11","slug":"pres-de-70-morts-dans-les-inondations-eclairs-au-texas-les-recherches-toujours-en-cours","status":"publish","type":"post","link":"https:\/\/www.europesays.com\/fr\/231022\/","title":{"rendered":"Pr\u00e8s de 70 morts dans les inondations-\u00e9clairs au Texas, les recherches toujours en cours"},"content":{"rendered":"<p>Un bilan toujours plus lourd. Les <a href=\"https:\/\/www.20minutes.fr\/monde\/etats-unis\/4162168-20250706-etats-unis-moins-43-morts-violentes-inondations-texas-nombreux-enfants-disparus\" target=\"_blank\" class=\"color-ultramarine c-link\" rel=\"noopener\">inondations au Texas<\/a>, dans le sud des <a href=\"https:\/\/www.20minutes.fr\/monde\/4162084-20250705-etats-unis-inondations-devastatrices-texas-moins-13-morts-vingtaine-disparus\" target=\"_blank\" class=\"color-ultramarine c-link\" rel=\"noopener\">Etats-Unis,<\/a> ont fait pr\u00e8s de 70 morts mais de nombreuses victimes manquent toujours \u00e0 l\u2019appel, ont annonc\u00e9 ce dimanche les autorit\u00e9s locales. Pour le seul comt\u00e9 de Kerr, le plus touch\u00e9, \u00ab\u00a0nous avons recens\u00e9 59 d\u00e9c\u00e8s\u00a0\u00bb, 38 adultes et 21 enfants, a d\u00e9clar\u00e9 le sh\u00e9rif, Larry Lethia, lors d\u2019une conf\u00e9rence de presse, soulignant que ce bilan devrait encore monter dans les prochaines heures.<\/p>\n<p>\u00ab\u00a0D\u00e9couverte de corps un peu partout\u00a0\u00bb<\/p>\n<p>Parmi les quelque 750 enfants participant \u00e0 un camp d\u2019\u00e9t\u00e9 chr\u00e9tien pour filles sur les rives du fleuve Guadalupe, le nombre de personnes port\u00e9es disparues est d\u00e9sormais de 11 enfants et d\u2019un moniteur, contre 27 pr\u00e9c\u00e9demment, a pr\u00e9cis\u00e9 le sh\u00e9rif. Il n\u2019a pas pr\u00e9cis\u00e9 dans l\u2019imm\u00e9diat si cet \u00e9cart \u00e9tait d\u00fb au nombre de corps retrouv\u00e9s entre-temps.<\/p>\n<p>\u00ab\u00a0Nous assistons \u00e0 la d\u00e9couverte de corps un peu partout\u00a0\u00bb, a affirm\u00e9 de son c\u00f4t\u00e9 le responsable administratif de la ville de Kerrville, Dalton Rice. Aux 59 morts dans le comt\u00e9 de Kerr s\u2019ajoutent neuf d\u00e9c\u00e8s d\u00e9nombr\u00e9s dans des comt\u00e9s voisins.<\/p>\n<\/p>\n<p>Une mont\u00e9e des eaux soudaines<\/p>\n<p>Ces <a href=\"https:\/\/www.20minutes.fr\/dossier\/crue\" class=\"color-ultramarine c-link\" target=\"_blank\" rel=\"noopener\">crues<\/a> subites ont \u00e9t\u00e9 provoqu\u00e9es par des <a href=\"https:\/\/www.20minutes.fr\/monde\/etats-unis\/4100615-20240710-etats-unis-images-desolantes-texas-inonde-prive-electricite-tempete-beryl\" target=\"_blank\" class=\"color-ultramarine c-link\" rel=\"noopener\">pluies diluviennes<\/a> dans le centre de l\u2019Etat vendredi, jour de la f\u00eate nationale am\u00e9ricaine, qui ont fait monter les eaux du Guadalupe de huit m\u00e8tres en seulement 45 minutes. Il est soudain tomb\u00e9 pr\u00e8s de 300 millim\u00e8tres\/heure de pluie, soit un tiers des pr\u00e9cipitations annuelles moyennes.<\/p>\n<p>Le pr\u00e9sident Donald Trump, qui a d\u00e9p\u00each\u00e9 sur place samedi sa ministre de la S\u00e9curit\u00e9 int\u00e9rieure, Kristi Noem, a annonc\u00e9 sur son r\u00e9seau Truth Social avoir \u00ab\u00a0sign\u00e9 une d\u00e9claration de catastrophe pour le comt\u00e9 de Kerr\u00a0\u00bb afin de garantir aux secours tous les moyens n\u00e9cessaires. \u00ab\u00a0Il y a actuellement plus de 400 secouristes de plus de 20 agences d\u00e9ploy\u00e9es dans le comt\u00e9\u00a0\u00bb, a indiqu\u00e9 le sh\u00e9rif Lethia. Des h\u00e9licopt\u00e8res et des drones sont engag\u00e9s dans les recherches et la Garde nationale du Texas ainsi que les garde-c\u00f4tes des Etats-Unis ont envoy\u00e9 des renforts.<\/p>\n<p>Le pape rend hommage aux victimes de cette \u00ab\u00a0trag\u00e9die\u00a0\u00bb<\/p>\n<p>Le <a href=\"https:\/\/www.20minutes.fr\/monde\/italie\/4152585-20250510-election-pape-leon-xiv-antipape-sauveur-rome-protege-charlemagne-precedents-leon\" target=\"_blank\" class=\"color-ultramarine c-link\" rel=\"noopener\">pape am\u00e9ricain L\u00e9on XIV<\/a> a exprim\u00e9 dimanche ses \u00ab\u00a0sinc\u00e8res condol\u00e9ances \u00e0 toutes les familles qui ont perdu des \u00eatres chers, en particulier leurs filles qui se trouvaient dans un camp d\u2019\u00e9t\u00e9 lors de la trag\u00e9die\u00a0\u00bb, dans une d\u00e9claration en anglais au terme de la pri\u00e8re de l\u2019Ang\u00e9lus.<\/p>\n","protected":false},"excerpt":{"rendered":"Un bilan toujours plus lourd. Les inondations au Texas, dans le sud des Etats-Unis, ont fait pr\u00e8s de&hellip;\n","protected":false},"author":2,"featured_media":231023,"comment_status":"","ping_status":"","sticky":false,"template":"","format":"standard","meta":{"footnotes":""},"categories":[1589],"tags":[47,11,11295,73,1866,4458,74,12,52,3926,1864,1865,1863,308],"class_list":{"0":"post-231022","1":"post","2":"type-post","3":"status-publish","4":"format-standard","5":"has-post-thumbnail","7":"category-etats-unis","8":"tag-actualite","9":"tag-actualites","10":"tag-crue","11":"tag-etats-unis","12":"tag-etats-unis-damerique","13":"tag-inondation","14":"tag-monde","15":"tag-news","16":"tag-planete","17":"tag-texas","18":"tag-united-states","19":"tag-united-states-of-america","20":"tag-us","21":"tag-usa"},"share_on_mastodon":{"url":"https:\/\/pubeurope.com\/@fr\/114807755513149535","error":""},"_links":{"self":[{"href":"https:\/\/www.europesays.com\/fr\/wp-json\/wp\/v2\/posts\/231022","targetHints":{"allow":["GET"]}}],"collection":[{"href":"https:\/\/www.europesays.com\/fr\/wp-json\/wp\/v2\/posts"}],"about":[{"href":"https:\/\/www.europesays.com\/fr\/wp-json\/wp\/v2\/types\/post"}],"author":[{"embeddable":true,"href":"https:\/\/www.europesays.com\/fr\/wp-json\/wp\/v2\/users\/2"}],"replies":[{"embeddable":true,"href":"https:\/\/www.europesays.com\/fr\/wp-json\/wp\/v2\/comments?post=231022"}],"version-history":[{"count":0,"href":"https:\/\/www.europesays.com\/fr\/wp-json\/wp\/v2\/posts\/231022\/revisions"}],"wp:featuredmedia":[{"embeddable":true,"href":"https:\/\/www.europesays.com\/fr\/wp-json\/wp\/v2\/media\/231023"}],"wp:attachment":[{"href":"https:\/\/www.europesays.com\/fr\/wp-json\/wp\/v2\/media?parent=231022"}],"wp:term":[{"taxonomy":"category","embeddable":true,"href":"https:\/\/www.europesays.com\/fr\/wp-json\/wp\/v2\/categories?post=231022"},{"taxonomy":"post_tag","embeddable":true,"href":"https:\/\/www.europesays.com\/fr\/wp-json\/wp\/v2\/tags?post=231022"}],"curies":[{"name":"wp","href":"https:\/\/api.w.org\/{rel}","templated":true}]}}