{"id":231028,"date":"2025-07-06T18:43:11","date_gmt":"2025-07-06T18:43:11","guid":{"rendered":"https:\/\/www.europesays.com\/fr\/231028\/"},"modified":"2025-07-06T18:43:11","modified_gmt":"2025-07-06T18:43:11","slug":"milorad-dodik-un-casse-tete-serbe-pour-les-europeens-liberation","status":"publish","type":"post","link":"https:\/\/www.europesays.com\/fr\/231028\/","title":{"rendered":"Milorad Dodik, un casse-t\u00eate serbe pour les Europ\u00e9ens \u2013 Lib\u00e9ration"},"content":{"rendered":"<p class=\"sc-ksZaOG ehjQrN text-element\">M\u00eame au-del\u00e0 des fronti\u00e8res de la Bosnie-Herz\u00e9govine, il est celui qui polarise les conversations politiques et judiciaires. Pr\u00e9sident de la plus petite des deux entit\u00e9s d\u2019un pays dysfonctionnel, avec lequel l\u2019Union europ\u00e9enne peine \u00e0 \u00e9laborer un projet, au pouvoir depuis bient\u00f4t vingt ans, Milorad Dodik incarne autant la d\u00e9rive s\u00e9cessionniste de sa Republika Srpska qu\u2019il cristallise les tensions s\u00e9curitaires et les divisions ethniques de cet Etat pivot des Balkans occidentaux.<\/p>\n","protected":false},"excerpt":{"rendered":"M\u00eame au-del\u00e0 des fronti\u00e8res de la Bosnie-Herz\u00e9govine, il est celui qui polarise les conversations politiques et judiciaires. Pr\u00e9sident&hellip;\n","protected":false},"author":2,"featured_media":231029,"comment_status":"","ping_status":"","sticky":false,"template":"","format":"standard","meta":{"footnotes":""},"categories":[1586],"tags":[11,13308,1777,674,1011,27,9267,804,36996,12,25,3329,364],"class_list":{"0":"post-231028","1":"post","2":"type-post","3":"status-publish","4":"format-standard","5":"has-post-thumbnail","7":"category-europe","8":"tag-actualites","9":"tag-bosnie-herzegovine","10":"tag-eu","11":"tag-europe","12":"tag-fr","13":"tag-france","14":"tag-genocide","15":"tag-hongrie","16":"tag-massacre-srebrenica","17":"tag-news","18":"tag-republique-francaise","19":"tag-serbie","20":"tag-union-europeenne"},"share_on_mastodon":{"url":"https:\/\/pubeurope.com\/@fr\/114807767353939886","error":""},"_links":{"self":[{"href":"https:\/\/www.europesays.com\/fr\/wp-json\/wp\/v2\/posts\/231028","targetHints":{"allow":["GET"]}}],"collection":[{"href":"https:\/\/www.europesays.com\/fr\/wp-json\/wp\/v2\/posts"}],"about":[{"href":"https:\/\/www.europesays.com\/fr\/wp-json\/wp\/v2\/types\/post"}],"author":[{"embeddable":true,"href":"https:\/\/www.europesays.com\/fr\/wp-json\/wp\/v2\/users\/2"}],"replies":[{"embeddable":true,"href":"https:\/\/www.europesays.com\/fr\/wp-json\/wp\/v2\/comments?post=231028"}],"version-history":[{"count":0,"href":"https:\/\/www.europesays.com\/fr\/wp-json\/wp\/v2\/posts\/231028\/revisions"}],"wp:featuredmedia":[{"embeddable":true,"href":"https:\/\/www.europesays.com\/fr\/wp-json\/wp\/v2\/media\/231029"}],"wp:attachment":[{"href":"https:\/\/www.europesays.com\/fr\/wp-json\/wp\/v2\/media?parent=231028"}],"wp:term":[{"taxonomy":"category","embeddable":true,"href":"https:\/\/www.europesays.com\/fr\/wp-json\/wp\/v2\/categories?post=231028"},{"taxonomy":"post_tag","embeddable":true,"href":"https:\/\/www.europesays.com\/fr\/wp-json\/wp\/v2\/tags?post=231028"}],"curies":[{"name":"wp","href":"https:\/\/api.w.org\/{rel}","templated":true}]}}