{"id":23103,"date":"2025-04-13T21:31:19","date_gmt":"2025-04-13T21:31:19","guid":{"rendered":"https:\/\/www.europesays.com\/fr\/23103\/"},"modified":"2025-04-13T21:31:19","modified_gmt":"2025-04-13T21:31:19","slug":"lunion-europeenne-ouvre-une-enquete-contre-x-et-son-ia-grok","status":"publish","type":"post","link":"https:\/\/www.europesays.com\/fr\/23103\/","title":{"rendered":"l\u2019Union europ\u00e9enne ouvre une enqu\u00eate contre X et son IA Grok"},"content":{"rendered":"<p>                    <b>Le r\u00e9seau social X est \u00e0 nouveau dans la tourmente. Vendredi 11 avril, l\u2019autorit\u00e9 irlandaise de protection des donn\u00e9es a annonc\u00e9 l\u2019ouverture d\u2019une enqu\u00eate officielle sur l\u2019utilisation de donn\u00e9es personnelles par la plateforme pour entra\u00eener ses mod\u00e8les d\u2019intelligence artificielle, dont Grok, son IA d\u00e9velopp\u00e9e en interne.<\/b><\/p>\n<p>                                                                                                                                                        <img decoding=\"async\" src=\"https:\/\/www.europesays.com\/fr\/wp-content\/uploads\/2025\/04\/8b3038e8bb_x-ue-rgpd.webp.webp\" alt=\"X UE RGPD\" width=\"1200\" height=\"686\" loading=\"lazy\"\/>                 \u00a9Mac4Ever 2025<\/p>\n<p>Des donn\u00e9es certes publiques, mais personnelles<\/p>\n<p>L\u2019enqu\u00eate porte sp\u00e9cifiquement sur l\u2019utilisation de contenus accessibles publiquement sur X, notamment ceux publi\u00e9s par des utilisateurs r\u00e9sidant au seine de l\u2019Union europ\u00e9enne et l\u2019Espace \u00e9conomique europ\u00e9en. <b>Ces donn\u00e9es, bien que visibles par tous, restent prot\u00e9g\u00e9es par le R\u00e8glement g\u00e9n\u00e9ral sur la protection des donn\u00e9es<\/b> (RGPD), ce qui impose un cadre strict \u00e0 leur exploitation, notamment en mati\u00e8re de transparence et de finalit\u00e9.<\/p>\n<p>La DPC -en tant que r\u00e9gulateur comp\u00e9tent (le si\u00e8ge europ\u00e9en de X est en Irlande)- va donc examiner l<b>a l\u00e9galit\u00e9 de cette collecte, ainsi que la transparence du traitement des donn\u00e9es utilis\u00e9es dans le d\u00e9veloppement des mod\u00e8les d\u2019IA du groupe<\/b>.<\/p>\n<p>                                                                                                                                                        <img decoding=\"async\" src=\"https:\/\/www.europesays.com\/fr\/wp-content\/uploads\/2025\/04\/6a4f938fe1_donnees-personnelles-l-union-europeenne-ouvre-une-enquete-contre-x-et-son-ia-grok.webp.webp\" alt=\"Donn\u00e9es personnelles\u00a0: l\u2019Union europ\u00e9enne ouvre une enqu\u00eate contre X et son IA Grok\" width=\"1200\" height=\"628\" loading=\"lazy\"\/>        <\/p>\n<p>des engagements non tenus<\/p>\n<p>En septembre dernier,<b> X s\u2019\u00e9tait engag\u00e9 \u00e0 ne plus utiliser les donn\u00e9es personnelles des utilisateurs europ\u00e9ens \u00e0 des fins d\u2019entra\u00eenement d\u2019IA<\/b>. Cette promesse avait permis \u00e0 la plateforme d\u2019<b>\u00e9viter une proc\u00e9dure judiciaire<\/b> d\u00e9j\u00e0 engag\u00e9e par la DPC devant la Haute Cour irlandaise.<\/p>\n<p>Mais selon les premi\u00e8res observations de l\u2019autorit\u00e9, l<b>e d\u00e9veloppement des IA de X aurait continu\u00e9 apr\u00e8s le 1er ao\u00fbt 2024<\/b>, date de fin de la p\u00e9riode concern\u00e9e par l\u2019accord initial. Un possible non-respect des engagements pris par la plateforme pourrait donc relancer un contentieux de grande ampleur entre l\u2019UE et l\u2019entreprise d\u2019Elon Musk.<\/p>\n<p>                                                                                                                                                        <img decoding=\"async\" src=\"https:\/\/www.europesays.com\/fr\/wp-content\/uploads\/2025\/04\/4c88816026_donnees-personnelles-l-union-europeenne-ouvre-une-enquete-contre-x-et-son-ia-grok.webp.webp\" alt=\"Donn\u00e9es personnelles\u00a0: l\u2019Union europ\u00e9enne ouvre une enqu\u00eate contre X et son IA Grok\" width=\"1200\" height=\"686\" loading=\"lazy\"\/>                 \u00a9Mac4Ever 2025<\/p>\n<p>Un dossier hautement politique<\/p>\n<p><b>Au-del\u00e0 des enjeux de confidentialit\u00e9, cette enqu\u00eate intervient dans un contexte de tensions commerciales croissantes entre Bruxelles et Washington<\/b>. <a href=\"https:\/\/www.mac4ever.com\/web\/188596-vers-une-taxe-europeenne-sur-les-geants-du-numerique-americains\" target=\"_blank\" rel=\"noopener\">Ursula von der Leyen<\/a>, pr\u00e9sidente de la Commission europ\u00e9enne, n\u2019a pas exclu des mesures de r\u00e9torsion \u00e9conomiques, voire la taxation des g\u00e9ants am\u00e9ricains du num\u00e9rique si les discussions actuelles \u00e9chouaient.<\/p>\n<p>Avec ce dossier, <b>X rejoint la longue liste des entreprises am\u00e9ricaines de la tech surveill\u00e9es de pr\u00e8s par l\u2019UE<\/b>, entre ambitions num\u00e9riques europ\u00e9ennes et exigence de souverainet\u00e9 technologique. Bref, un nouvel \u00e9pisode dans la bataille pour le contr\u00f4le des donn\u00e9es \u00e0 l\u2019\u00e8re de l\u2019intelligence artificielle.\n                    <\/p>\n","protected":false},"excerpt":{"rendered":"Le r\u00e9seau social X est \u00e0 nouveau dans la tourmente. Vendredi 11 avril, l\u2019autorit\u00e9 irlandaise de protection des&hellip;\n","protected":false},"author":2,"featured_media":23104,"comment_status":"","ping_status":"","sticky":false,"template":"","format":"standard","meta":{"footnotes":""},"categories":[1586],"tags":[11,8474,1777,674,1779,1011,27,12,25,5122,1778,364,6062],"class_list":{"0":"post-23103","1":"post","2":"type-post","3":"status-publish","4":"format-standard","5":"has-post-thumbnail","7":"category-europe","8":"tag-actualites","9":"tag-elonmusk","10":"tag-eu","11":"tag-europe","12":"tag-european-union","13":"tag-fr","14":"tag-france","15":"tag-news","16":"tag-republique-francaise","17":"tag-rgpd","18":"tag-ue","19":"tag-union-europeenne","20":"tag-x"},"share_on_mastodon":{"url":"","error":""},"_links":{"self":[{"href":"https:\/\/www.europesays.com\/fr\/wp-json\/wp\/v2\/posts\/23103","targetHints":{"allow":["GET"]}}],"collection":[{"href":"https:\/\/www.europesays.com\/fr\/wp-json\/wp\/v2\/posts"}],"about":[{"href":"https:\/\/www.europesays.com\/fr\/wp-json\/wp\/v2\/types\/post"}],"author":[{"embeddable":true,"href":"https:\/\/www.europesays.com\/fr\/wp-json\/wp\/v2\/users\/2"}],"replies":[{"embeddable":true,"href":"https:\/\/www.europesays.com\/fr\/wp-json\/wp\/v2\/comments?post=23103"}],"version-history":[{"count":0,"href":"https:\/\/www.europesays.com\/fr\/wp-json\/wp\/v2\/posts\/23103\/revisions"}],"wp:featuredmedia":[{"embeddable":true,"href":"https:\/\/www.europesays.com\/fr\/wp-json\/wp\/v2\/media\/23104"}],"wp:attachment":[{"href":"https:\/\/www.europesays.com\/fr\/wp-json\/wp\/v2\/media?parent=23103"}],"wp:term":[{"taxonomy":"category","embeddable":true,"href":"https:\/\/www.europesays.com\/fr\/wp-json\/wp\/v2\/categories?post=23103"},{"taxonomy":"post_tag","embeddable":true,"href":"https:\/\/www.europesays.com\/fr\/wp-json\/wp\/v2\/tags?post=23103"}],"curies":[{"name":"wp","href":"https:\/\/api.w.org\/{rel}","templated":true}]}}