{"id":231030,"date":"2025-07-06T18:44:09","date_gmt":"2025-07-06T18:44:09","guid":{"rendered":"https:\/\/www.europesays.com\/fr\/231030\/"},"modified":"2025-07-06T18:44:09","modified_gmt":"2025-07-06T18:44:09","slug":"lue-veut-constituer-des-stocks-durgence-face-aux-risques-geopolitiques-et-conflits-imminents","status":"publish","type":"post","link":"https:\/\/www.europesays.com\/fr\/231030\/","title":{"rendered":"L\u2019UE veut constituer des stocks d\u2019urgence face aux risques g\u00e9opolitiques et conflits imminents"},"content":{"rendered":"<p>Principaux renseignements<\/p>\n<ul class=\"wp-block-list\">\n<li><strong>L\u2019UE alerte sur l\u2019augmentation des risques g\u00e9opolitiques et des possibles perturbations des cha\u00eenes d\u2019approvisionnement.<\/strong><\/li>\n<li><strong>La Commission recommande aux \u00c9tats membres de constituer des r\u00e9serves d\u2019urgence pour les biens essentiels et d\u2019acc\u00e9l\u00e9rer le stockage des mati\u00e8res premi\u00e8res strat\u00e9giques.<\/strong><\/li>\n<li><strong>Cette initiative vise \u00e0 renforcer la s\u00e9curit\u00e9 et la r\u00e9silience de l\u2019UE face aux cyberattaques et crises g\u00e9opolitiques.<\/strong><\/li>\n<\/ul>\n<p>L\u2019UE prend des mesures pour <a href=\"https:\/\/fr.businessam.be\/lue-invite-les-citoyens-a-mieux-se-preparer-aux-situations-durgence\/\" target=\"_blank\" rel=\"noopener\">prot\u00e9ger ses cha\u00eenes d\u2019approvisionnement contre les tensions g\u00e9opolitiques et les perturbations potentielles<\/a>. Un projet de document de la Commission europ\u00e9enne, consult\u00e9 par le Financial Times, met en garde contre un \u00ab\u00a0paysage des risques de plus en plus complexe et d\u00e9t\u00e9rior\u00e9\u00a0\u00bb, citant les conflits, le changement climatique et les cybermenaces.<\/p>\n<p>La Commission appelle les \u00c9tats membres \u00e0 constituer conjointement des stocks d\u2019urgence de nourriture, m\u00e9dicaments et combustible nucl\u00e9aire. Elle demande \u00e9galement d\u2019acc\u00e9l\u00e9rer la cr\u00e9ation de r\u00e9serves europ\u00e9ennes de mat\u00e9riaux critiques comme les terres rares et les aimants permanents, essentiels pour les syst\u00e8mes \u00e9nerg\u00e9tiques et de d\u00e9fense.<\/p>\n<p>Strat\u00e9gie de pr\u00e9paration face aux sabotages et attaques<\/p>\n<p>Ce plan rejoint les appels de l\u2019ancien pr\u00e9sident finlandais Sauli Niinist\u00f6, qui plaidait pour des niveaux minimaux de pr\u00e9paration face \u00e0 des sc\u00e9narios comme une agression arm\u00e9e ou des perturbations majeures des cha\u00eenes d\u2019approvisionnement. La strat\u00e9gie de l\u2019UE, pr\u00e9sent\u00e9e en mars dernier, souligne aussi l\u2019importance de stocks d\u2019\u00e9quipements critiques. Les citoyens sont encourag\u00e9s \u00e0 pr\u00e9voir eux-m\u00eames des r\u00e9serves pour au moins 72 heures.<\/p>\n<p>L\u2019urgence est accentu\u00e9e par les avertissements du chef de la d\u00e9fense allemande Carsten Breuer, selon qui la Russie pourrait attaquer un \u00c9tat membre de l\u2019UE d\u2019ici quatre ans.<\/p>\n<p>Priorit\u00e9 \u00e0 la r\u00e9silience et la coordination<\/p>\n<p>Ces mesures s\u2019inscrivent dans un effort plus large de l\u2019UE pour renforcer sa r\u00e9sistance aux catastrophes naturelles, cyberattaques et crises g\u00e9opolitiques. Les r\u00e9cents sabotages de c\u00e2bles sous-marins et gazoducs ont r\u00e9v\u00e9l\u00e9 la vuln\u00e9rabilit\u00e9 des infrastructures critiques.<\/p>\n<p>La Commission veut cr\u00e9er un \u00ab\u00a0r\u00e9seau de stocks\u00a0\u00bb pour am\u00e9liorer la coordination entre \u00c9tats membres. Une liste r\u00e9guli\u00e8rement mise \u00e0 jour des biens essentiels, adapt\u00e9e par r\u00e9gion et type de crise, sera \u00e9tablie. Le secteur priv\u00e9 sera incit\u00e9 \u00e0 maintenir des stocks via des mesures fiscales. Le projet sera publi\u00e9 la semaine prochaine et pourrait encore \u00eatre modifi\u00e9. (em)<\/p>\n<p><a href=\"https:\/\/portalfr.businessam.be\/plans\/business-am-fr-offre-dete\/\" target=\"_blank\" rel=\"noreferrer noopener\">Si vous souhaitez acc\u00e9der \u00e0 tous les articles, abonnez-vous ici!<\/a><\/p>\n","protected":false},"excerpt":{"rendered":"Principaux renseignements L\u2019UE alerte sur l\u2019augmentation des risques g\u00e9opolitiques et des possibles perturbations des cha\u00eenes d\u2019approvisionnement. La Commission&hellip;\n","protected":false},"author":2,"featured_media":79621,"comment_status":"","ping_status":"","sticky":false,"template":"","format":"standard","meta":{"footnotes":""},"categories":[1586],"tags":[11,1777,674,1779,1011,27,12,25,132,656,9965,1778,364],"class_list":{"0":"post-231030","1":"post","2":"type-post","3":"status-publish","4":"format-standard","5":"has-post-thumbnail","7":"category-europe","8":"tag-actualites","9":"tag-eu","10":"tag-europe","11":"tag-european-union","12":"tag-fr","13":"tag-france","14":"tag-news","15":"tag-republique-francaise","16":"tag-russie","17":"tag-securite","18":"tag-tensions","19":"tag-ue","20":"tag-union-europeenne"},"share_on_mastodon":{"url":"https:\/\/pubeurope.com\/@fr\/114807771202353804","error":""},"_links":{"self":[{"href":"https:\/\/www.europesays.com\/fr\/wp-json\/wp\/v2\/posts\/231030","targetHints":{"allow":["GET"]}}],"collection":[{"href":"https:\/\/www.europesays.com\/fr\/wp-json\/wp\/v2\/posts"}],"about":[{"href":"https:\/\/www.europesays.com\/fr\/wp-json\/wp\/v2\/types\/post"}],"author":[{"embeddable":true,"href":"https:\/\/www.europesays.com\/fr\/wp-json\/wp\/v2\/users\/2"}],"replies":[{"embeddable":true,"href":"https:\/\/www.europesays.com\/fr\/wp-json\/wp\/v2\/comments?post=231030"}],"version-history":[{"count":0,"href":"https:\/\/www.europesays.com\/fr\/wp-json\/wp\/v2\/posts\/231030\/revisions"}],"wp:featuredmedia":[{"embeddable":true,"href":"https:\/\/www.europesays.com\/fr\/wp-json\/wp\/v2\/media\/79621"}],"wp:attachment":[{"href":"https:\/\/www.europesays.com\/fr\/wp-json\/wp\/v2\/media?parent=231030"}],"wp:term":[{"taxonomy":"category","embeddable":true,"href":"https:\/\/www.europesays.com\/fr\/wp-json\/wp\/v2\/categories?post=231030"},{"taxonomy":"post_tag","embeddable":true,"href":"https:\/\/www.europesays.com\/fr\/wp-json\/wp\/v2\/tags?post=231030"}],"curies":[{"name":"wp","href":"https:\/\/api.w.org\/{rel}","templated":true}]}}