{"id":231046,"date":"2025-07-06T18:56:10","date_gmt":"2025-07-06T18:56:10","guid":{"rendered":"https:\/\/www.europesays.com\/fr\/231046\/"},"modified":"2025-07-06T18:56:10","modified_gmt":"2025-07-06T18:56:10","slug":"le-titi-parisien-mahamadou-sangare-annonce-son","status":"publish","type":"post","link":"https:\/\/www.europesays.com\/fr\/231046\/","title":{"rendered":"Le titi parisien Mahamadou Sangar\u00e9 annonce son &#8230;"},"content":{"rendered":"<p><img width=\"780\" height=\"470\" src=\"https:\/\/www.europesays.com\/fr\/wp-content\/uploads\/2025\/07\/Mahamadou-Sangare-lors-du-match-de-Youth-League-entre-le-PSG-et-Gerone-le-18-09-2024-1987757-780x470.jpeg\" class=\"attachment-jannah-image-post size-jannah-image-post wp-post-image\" alt=\"Mahamadou Sangare\" is_main_img=\"1\" decoding=\"async\" fetchpriority=\"high\"\/><\/p>\n<p>Le centre de formation du <strong>PSG<\/strong> a toujours<br \/>\n\u00e9t\u00e9 reconnu comme \u00e9tant un des meilleurs en France et \u00e0 travers le<br \/>\nmonde. Aujourd\u2019hui, celui-ci perd un de ses \u00e9l\u00e9ments les plus<br \/>\nprometteurs : <strong>Mahamadou Sangar\u00e9<\/strong>.<\/p>\n<p>C\u2019est en 2023 que <strong>Mahamadou Sangar\u00e9<\/strong> int\u00e8gre les<br \/>\nrangs du <strong><a href=\"https:\/\/canal-supporters.com\/retour-de-notre-teeshirt-exclusif-paris-european-tour-25-avec-une-version-blanche\/\" target=\"_blank\" rel=\"noopener\"><br \/>\nParis Saint-Germain<\/a><\/strong> avec les <strong>U19<\/strong> dans<br \/>\nun premier temps, avant de rejoindre l\u2019\u00e9quipe<br \/>\n<strong>Espoirs<\/strong> lors de l\u2019\u00e9t\u00e9 2024. En deux saisons avec<br \/>\nle club de la capitale, l\u2019attaquant d\u2019aujourd\u2019hui 18 ans a disput\u00e9<br \/>\n46 rencontres toutes comp\u00e9titions confondues entre le championnat<br \/>\n<strong>National U19<\/strong>, la <strong>Coupe<br \/>\nGambardella<\/strong> et la <strong>Youth League<\/strong>, dressant<br \/>\nun bilan statistique sur cette p\u00e9riode de 42 buts et 4 passes<br \/>\nd\u00e9cisives. Cependant, \u00e0 la fin de son contrat en juin dernier,<br \/>\naucune prolongation n\u2019a \u00e9t\u00e9 sign\u00e9e et le joueur s\u2019est retrouv\u00e9<br \/>\nlibre. Ainsi, aujourd\u2019hui sur ses r\u00e9seaux sociaux, le franco-malien<br \/>\na annonc\u00e9 la fin de l\u2019aventure entre lui et le <strong>PSG<\/strong><br \/>\n: \u00ab\u00a0Mon aventure avec le Paris Saint-Germain s\u2019ach\u00e8ve,<br \/>\navec fiert\u00e9 et gratitude. Porter ce maillot a \u00e9t\u00e9 un immense<br \/>\nhonneur, une exp\u00e9rience marquante dans un environnement<br \/>\nd\u2019excellence. J\u2019ai grandi ici, humainement et sportivement. Merci<br \/>\naux coachs, co\u00e9quipiers, staff et \u00e0 tous ceux qui \u0153uvrent dans<br \/>\nl\u2019ombre. Un immense merci aux supporters. Il est temps d\u2019ouvrir un<br \/>\nnouveau chapitre. Le PSG restera \u00e0 jamais grav\u00e9 dans mon<br \/>\nhistoire\u00ab\u00a0, a-t-il partag\u00e9.<\/p>\n<p>Les derni\u00e8res informations en date concernant son avenir<br \/>\nenvoyaient <strong>Mahamadou Sangar\u00e9<\/strong> du c\u00f4t\u00e9 de<br \/>\n<strong>Manchester City<\/strong>. En effet, le journaliste<br \/>\nsp\u00e9cialiste du mercato, <strong><a href=\"https:\/\/canal-supporters.com\/mercato-un-jeune-titi-quitte-le-psg-pour-manchester-city\/\" target=\"_blank\" rel=\"noopener\"><br \/>\nFabrizio Romano<\/a><\/strong>, affirmait la nouvelle le 30 avril<br \/>\ndernier, \u00e9voquant un accord verbal d\u2019ores et d\u00e9j\u00e0 en place.<\/p>\n<\/p>\n<p>YouTube : <a href=\"https:\/\/www.youtube.com\/watch?v=BF4QQD2XDgo\" target=\"_blank\" rel=\"noopener\">Canal Supporters<br \/>\nParis<\/a><\/p>\n","protected":false},"excerpt":{"rendered":"Le centre de formation du PSG a toujours \u00e9t\u00e9 reconnu comme \u00e9tant un des meilleurs en France et&hellip;\n","protected":false},"author":2,"featured_media":231047,"comment_status":"","ping_status":"","sticky":false,"template":"","format":"standard","meta":{"footnotes":""},"categories":[1410],"tags":[81,63,1011,27,1963,36997,1434,1435,91,92,93,16665,36998,60,36999,14421],"class_list":{"0":"post-231046","1":"post","2":"type-post","3":"status-publish","4":"format-standard","5":"has-post-thumbnail","7":"category-football","8":"tag-canal-supporters","9":"tag-football","10":"tag-fr","11":"tag-france","12":"tag-mahamadou-sangare","13":"tag-mahamadou-sangare-psg","14":"tag-mercato","15":"tag-mercato-psg","16":"tag-paris-saint-germain","17":"tag-paris-sg","18":"tag-psg","19":"tag-sangare","20":"tag-sangare-psg","21":"tag-sports","22":"tag-titi-du-psg","23":"tag-titi-parisien"},"share_on_mastodon":{"url":"https:\/\/pubeurope.com\/@fr\/114807818494508898","error":""},"_links":{"self":[{"href":"https:\/\/www.europesays.com\/fr\/wp-json\/wp\/v2\/posts\/231046","targetHints":{"allow":["GET"]}}],"collection":[{"href":"https:\/\/www.europesays.com\/fr\/wp-json\/wp\/v2\/posts"}],"about":[{"href":"https:\/\/www.europesays.com\/fr\/wp-json\/wp\/v2\/types\/post"}],"author":[{"embeddable":true,"href":"https:\/\/www.europesays.com\/fr\/wp-json\/wp\/v2\/users\/2"}],"replies":[{"embeddable":true,"href":"https:\/\/www.europesays.com\/fr\/wp-json\/wp\/v2\/comments?post=231046"}],"version-history":[{"count":0,"href":"https:\/\/www.europesays.com\/fr\/wp-json\/wp\/v2\/posts\/231046\/revisions"}],"wp:featuredmedia":[{"embeddable":true,"href":"https:\/\/www.europesays.com\/fr\/wp-json\/wp\/v2\/media\/231047"}],"wp:attachment":[{"href":"https:\/\/www.europesays.com\/fr\/wp-json\/wp\/v2\/media?parent=231046"}],"wp:term":[{"taxonomy":"category","embeddable":true,"href":"https:\/\/www.europesays.com\/fr\/wp-json\/wp\/v2\/categories?post=231046"},{"taxonomy":"post_tag","embeddable":true,"href":"https:\/\/www.europesays.com\/fr\/wp-json\/wp\/v2\/tags?post=231046"}],"curies":[{"name":"wp","href":"https:\/\/api.w.org\/{rel}","templated":true}]}}