{"id":231050,"date":"2025-07-06T18:58:44","date_gmt":"2025-07-06T18:58:44","guid":{"rendered":"https:\/\/www.europesays.com\/fr\/231050\/"},"modified":"2025-07-06T18:58:44","modified_gmt":"2025-07-06T18:58:44","slug":"le-musee-de-la-mode-et-du-costume-fragonard-ouvre-enfin-ses-portes-a-arles","status":"publish","type":"post","link":"https:\/\/www.europesays.com\/fr\/231050\/","title":{"rendered":"Le mus\u00e9e de la Mode et du Costume Fragonard ouvre enfin ses portes \u00e0 Arles"},"content":{"rendered":"<p class=\"editor-content__paragraph\">On aurait pu l\u2019appeler <strong>\u00ab\u00a0l\u2019Arl\u00e9sienne\u00a0\u00bb<\/strong> tant le projet suscitait l\u2019impatience du public. Le 6\u00a0juillet 2025, le <strong>mus\u00e9e de la Mode et du Costume Fragonard<\/strong> ouvre enfin ses portes, au 16, rue de la Calade, dans l\u2019h\u00f4tel Bouchaud de Bussy, joyau architectural des XVIIe et XVIIIe si\u00e8cles.<\/p>\n<p class=\"editor-content__paragraph editor-content__paragraph--is-hidden\">Apr\u00e8s cinq ann\u00e9es d\u2019une <strong>minutieuse restauration<\/strong> men\u00e9e par le duo <strong>Karl Fournier et Olivier Marty du Studio KO<\/strong>, d\u00e9j\u00e0 salu\u00e9s pour le <a href=\"https:\/\/www.beauxarts.com\/grand-format\/le-musee-yves-saint-laurent-marrakech-une-oasis-haute-couture\/\" target=\"_blank\" rel=\"noopener\">mus\u00e9e Yves Saint Laurent<\/a> \u00e0 Marrakech, ce nouvel \u00e9crin de 300\u00a0m\u00e8tres carr\u00e9s sur trois niveaux, r\u00e9habilit\u00e9s en collaboration avec <strong>l\u2019architecte du patrimoine Nathalie d\u2019Artigues<\/strong>, m\u00eale subtilement la patine de l\u2019histoire et l\u2019art de vivre proven\u00e7al dans une sc\u00e9nographie contemporaine o\u00f9 chaque d\u00e9tail rend hommage \u00e0 <strong>l\u2019\u00e9l\u00e9gance et \u00e0 la cr\u00e9ativit\u00e9 du costume.<\/strong><\/p>\n<p>            <strong>Continuez votre lecture<\/strong><\/p>\n<p>\n                et acc\u00e9dez \u00e0 Beaux Arts Magazine<br \/>et \u00e0 tous les contenus web<br \/><strong>en illimit\u00e9 \u00e0 partir de 5,75\u20ac \/ mois<\/strong>\n            <\/p>\n<p class=\"cta-abonnement__log-in\">\n        D\u00e9j\u00e0 abonn\u00e9 ?        <a data-id=\"aHR0cHM6Ly93d3cuYmVhdXhhcnRzLmNvbS9tb24tY29tcHRlLw==\">Connectez-vous<\/a>\n    <\/p>\n<p>            <img data-vllblanksrc=\"https:\/\/www.beauxarts.com\/grand-format\/un-nouveau-musee-fragonard-tisse-lhistoire-de-la-mode-et-du-costume-a-arles\/1\" data-vllsrc=\"https:\/\/www.europesays.com\/fr\/wp-content\/uploads\/2025\/06\/couv-bam-493-494-232x300.png\" alt=\"\"\/><img data-vllblanksrc=\"https:\/\/www.beauxarts.com\/grand-format\/un-nouveau-musee-fragonard-tisse-lhistoire-de-la-mode-et-du-costume-a-arles\/1\" data-vllsrc=\"https:\/\/www.europesays.com\/fr\/wp-content\/uploads\/2025\/05\/couv-bam-492-232x300.png\" alt=\"\"\/>        <\/p>\n","protected":false},"excerpt":{"rendered":"On aurait pu l\u2019appeler \u00ab\u00a0l\u2019Arl\u00e9sienne\u00a0\u00bb tant le projet suscitait l\u2019impatience du public. Le 6\u00a0juillet 2025, le mus\u00e9e de&hellip;\n","protected":false},"author":2,"featured_media":231051,"comment_status":"","ping_status":"","sticky":false,"template":"","format":"standard","meta":{"footnotes":""},"categories":[1358],"tags":[1348,1384,1385,1386,58,59,1011,27,985,37000],"class_list":{"0":"post-231050","1":"post","2":"type-post","3":"status-publish","4":"format-standard","5":"has-post-thumbnail","7":"category-arts-et-design","8":"tag-arts","9":"tag-arts-and-design","10":"tag-arts-et-design","11":"tag-design","12":"tag-divertissement","13":"tag-entertainment","14":"tag-fr","15":"tag-france","16":"tag-mode","17":"tag-musee-de-la-mode-et-du-costume-fragonard"},"share_on_mastodon":{"url":"https:\/\/pubeurope.com\/@fr\/114807826245282473","error":""},"_links":{"self":[{"href":"https:\/\/www.europesays.com\/fr\/wp-json\/wp\/v2\/posts\/231050","targetHints":{"allow":["GET"]}}],"collection":[{"href":"https:\/\/www.europesays.com\/fr\/wp-json\/wp\/v2\/posts"}],"about":[{"href":"https:\/\/www.europesays.com\/fr\/wp-json\/wp\/v2\/types\/post"}],"author":[{"embeddable":true,"href":"https:\/\/www.europesays.com\/fr\/wp-json\/wp\/v2\/users\/2"}],"replies":[{"embeddable":true,"href":"https:\/\/www.europesays.com\/fr\/wp-json\/wp\/v2\/comments?post=231050"}],"version-history":[{"count":0,"href":"https:\/\/www.europesays.com\/fr\/wp-json\/wp\/v2\/posts\/231050\/revisions"}],"wp:featuredmedia":[{"embeddable":true,"href":"https:\/\/www.europesays.com\/fr\/wp-json\/wp\/v2\/media\/231051"}],"wp:attachment":[{"href":"https:\/\/www.europesays.com\/fr\/wp-json\/wp\/v2\/media?parent=231050"}],"wp:term":[{"taxonomy":"category","embeddable":true,"href":"https:\/\/www.europesays.com\/fr\/wp-json\/wp\/v2\/categories?post=231050"},{"taxonomy":"post_tag","embeddable":true,"href":"https:\/\/www.europesays.com\/fr\/wp-json\/wp\/v2\/tags?post=231050"}],"curies":[{"name":"wp","href":"https:\/\/api.w.org\/{rel}","templated":true}]}}