{"id":231054,"date":"2025-07-06T19:00:12","date_gmt":"2025-07-06T19:00:12","guid":{"rendered":"https:\/\/www.europesays.com\/fr\/231054\/"},"modified":"2025-07-06T19:00:12","modified_gmt":"2025-07-06T19:00:12","slug":"il-est-tres-tres-beau-marianne-secret-story-se-confie-sur-ses-sentiments-pour-mayer","status":"publish","type":"post","link":"https:\/\/www.europesays.com\/fr\/231054\/","title":{"rendered":"\u00ab\u00a0Il est tr\u00e8s tr\u00e8s beau\u2026\u00a0\u00bb, Marianne (Secret Story) se confie sur ses sentiments pour Mayer"},"content":{"rendered":"<p>Apr\u00e8s son \u00e9limination <strong>lors du troisi\u00e8me prime<\/strong> de Secret Story 2025, Marianne revient sur son aventure avec beaucoup de sinc\u00e9rit\u00e9. Elle raconte comment elle a v\u00e9cu sa sortie et surtout <strong>ce lien particulier<\/strong> qu\u2019elle a tiss\u00e9 avec Mayer, dans une interview donn\u00e9e \u00e0 T\u00e9l\u00e9-Loisirs.<\/p>\n<p>Dans la maison des secrets, les relations sont intenses, et pour Marianne, Mayer a occup\u00e9 <strong>une place sp\u00e9ciale<\/strong>. <a href=\"https:\/\/www.public.fr\/cest-vraiment-lunaire-a-peine-sortie-marianne-secret-story-brise-le-silence-sur-les-accusations-de-racisme\" rel=\"nofollow noopener\" target=\"_blank\">Elle r\u00e9v\u00e8le entre autres<\/a> ses sentiments tout en gardant une grande franchise sur leur complicit\u00e9.<\/p>\n<p>Marianne se livre apr\u00e8s sa sortie de Secret Story<\/p>\n<p>La sortie de Marianne a surpris ses fans, mais elle l\u2019a accept\u00e9e avec maturit\u00e9. \u00ab\u00a0C\u2019\u00e9tait <strong>un m\u00e9lange d\u2019\u00e9motions<\/strong>, entre la d\u00e9ception de quitter l\u2019aventure et la joie de retrouver mes proches\u00a0\u00bb, confie-t-elle.<\/p>\n<p>Trois semaines dans la maison, c\u2019est court, mais pour elle, le temps <strong>a fil\u00e9 \u00e0 toute vitesse<\/strong>, avec des moments forts qu\u2019elle n\u2019oubliera pas. Malgr\u00e9 son \u00e9limination, Marianne reste positive et tourn\u00e9e vers l\u2019avenir.<\/p>\n<p>Elle a d\u00e9j\u00e0 h\u00e2te de d\u00e9couvrir <strong>ce qui l\u2019attend dehors<\/strong>, convaincue que de belles opportunit\u00e9s l\u2019attendent. Son \u00e9nergie ne faiblit pas, m\u00eame apr\u00e8s cette \u00e9tape difficile du jeu.<\/p>\n<p>Marianne et Mayer : une amiti\u00e9 intense au c\u0153ur du jeu<\/p>\n<p>Dans la maison, Marianne s\u2019est rapidement rapproch\u00e9e de Mayer. Elle raconte qu\u2019ils ont partag\u00e9 <strong>des moments de complicit\u00e9<\/strong> d\u00e8s la premi\u00e8re nuit, quand tous deux \u00e9taient stress\u00e9s.<\/p>\n<p>\u00ab\u00a0Mayer est quelqu\u2019un de sensible, <strong>tr\u00e8s r\u00e9confortant<\/strong>\u00ab\u00a0, explique-t-elle avec tendresse. Elle insiste : m\u00eame si Mayer est \u00ab\u00a0tr\u00e8s tr\u00e8s beau\u00a0\u00bb, leur lien <strong>est rest\u00e9 amical<\/strong>. Cette proximit\u00e9 n\u2019\u00e9tait pas un jeu pour emb\u00eater les autres, mais <strong>un vrai soutien<\/strong>.<\/p>\n<p>Marianne affirme qu\u2019elle allait vers Mayer parce qu\u2019ils \u00e9taient amis, pas pour provoquer Romy, une autre candidate tr\u00e8s proche de Mayer. Cette relation, sinc\u00e8re et simple, <a href=\"https:\/\/www.public.fr\/romy-harcelee-dans-secret-story-amelie-neten-sen-mele-et-charge-violemment-marianne-je-peux-plus\" rel=\"nofollow noopener\" target=\"_blank\">a marqu\u00e9 son exp\u00e9rience<\/a>.<\/p>\n<p>Mayer, choix logique : Marianne accepte la d\u00e9cision<\/p>\n<p>Lors du dernier prime, Mayer a choisi de nominer Marianne, ce qui a conduit \u00e0 son \u00e9limination. La jeune femme <strong>ne lui en veut pas<\/strong>. \u00ab\u00a0<strong>C\u2019\u00e9tait logique<\/strong>, <strong>ils forment un duo<\/strong> avec Romy, ils s\u2019entendent tr\u00e8s bien\u00a0\u00bb, explique-t-elle. Malgr\u00e9 un moment de surprise et de frustration, Marianne <strong>comprend la strat\u00e9gie<\/strong>.<\/p>\n<p>Elle r\u00e9v\u00e8le m\u00eame avoir taquin\u00e9 Mayer pour qu\u2019<strong>il culpabilise un peu<\/strong>, mais c\u2019\u00e9tait pour rire. Elle reste r\u00e9aliste sur le jeu et la comp\u00e9tition, consciente que l\u2019amiti\u00e9 et le jeu <strong>ne vont pas toujours de pair.<\/strong><\/p>\n<p>      Mentionn\u00e9s dans cet article<\/p>\n<p>\u00c0 lire aussi<\/p>\n","protected":false},"excerpt":{"rendered":"Apr\u00e8s son \u00e9limination lors du troisi\u00e8me prime de Secret Story 2025, Marianne revient sur son aventure avec beaucoup&hellip;\n","protected":false},"author":2,"featured_media":231055,"comment_status":"","ping_status":"","sticky":false,"template":"","format":"standard","meta":{"footnotes":""},"categories":[1356],"tags":[7006,1376,9260,58,59,1011,27,29901,31430,252,199,1364],"class_list":{"0":"post-231054","1":"post","2":"type-post","3":"status-publish","4":"format-standard","5":"has-post-thumbnail","7":"category-television","8":"tag-amitie","9":"tag-amour","10":"tag-confidences","11":"tag-divertissement","12":"tag-entertainment","13":"tag-fr","14":"tag-france","15":"tag-secret-story","16":"tag-sentiment","17":"tag-television","18":"tag-tf1","19":"tag-tv"},"share_on_mastodon":{"url":"https:\/\/pubeurope.com\/@fr\/114807834119445969","error":""},"_links":{"self":[{"href":"https:\/\/www.europesays.com\/fr\/wp-json\/wp\/v2\/posts\/231054","targetHints":{"allow":["GET"]}}],"collection":[{"href":"https:\/\/www.europesays.com\/fr\/wp-json\/wp\/v2\/posts"}],"about":[{"href":"https:\/\/www.europesays.com\/fr\/wp-json\/wp\/v2\/types\/post"}],"author":[{"embeddable":true,"href":"https:\/\/www.europesays.com\/fr\/wp-json\/wp\/v2\/users\/2"}],"replies":[{"embeddable":true,"href":"https:\/\/www.europesays.com\/fr\/wp-json\/wp\/v2\/comments?post=231054"}],"version-history":[{"count":0,"href":"https:\/\/www.europesays.com\/fr\/wp-json\/wp\/v2\/posts\/231054\/revisions"}],"wp:featuredmedia":[{"embeddable":true,"href":"https:\/\/www.europesays.com\/fr\/wp-json\/wp\/v2\/media\/231055"}],"wp:attachment":[{"href":"https:\/\/www.europesays.com\/fr\/wp-json\/wp\/v2\/media?parent=231054"}],"wp:term":[{"taxonomy":"category","embeddable":true,"href":"https:\/\/www.europesays.com\/fr\/wp-json\/wp\/v2\/categories?post=231054"},{"taxonomy":"post_tag","embeddable":true,"href":"https:\/\/www.europesays.com\/fr\/wp-json\/wp\/v2\/tags?post=231054"}],"curies":[{"name":"wp","href":"https:\/\/api.w.org\/{rel}","templated":true}]}}