{"id":231060,"date":"2025-07-06T19:03:14","date_gmt":"2025-07-06T19:03:14","guid":{"rendered":"https:\/\/www.europesays.com\/fr\/231060\/"},"modified":"2025-07-06T19:03:14","modified_gmt":"2025-07-06T19:03:14","slug":"le-mot-touchant-dune-fillette-a-sa-maitresse-pour-le-dernier-jour-decole-emeut-des-milliers-dinternautes","status":"publish","type":"post","link":"https:\/\/www.europesays.com\/fr\/231060\/","title":{"rendered":"Le mot touchant d&rsquo;une fillette \u00e0 sa ma\u00eetresse pour le dernier jour d&rsquo;\u00e9cole \u00e9meut des milliers d&rsquo;internautes"},"content":{"rendered":"<p>Faut-il vraiment offrir un mug ou des chocolats \u00e0 la fin de l\u2019ann\u00e9e scolaire ? Une maman a choisi une approche bien plus personnelle en r\u00e9digeant <strong>une carte de remerciement \u00e0 partir des mots de sa fille<\/strong>. Et le r\u00e9sultat a \u00e9mu des milliers d\u2019internautes. Sur Reddit, le 24 juin dernier, une utilisatrice du nom de pettypiranhaplant a partag\u00e9 l\u2019id\u00e9e qui lui est venue \u00e0 l\u2019approche des vacances scolaires. \u00ab J\u2019ai demand\u00e9 \u00e0 ma fille de me dire ce qu\u2019elle aimait chez sa ma\u00eetresse pour pouvoir \u00e9crire une carte de remerciement un peu personnalis\u00e9e \u00bb, \u00e9crit-elle. \u00ab D\u2019habitude, j<strong>e n\u2019arrive pas \u00e0 tirer grand-chose d\u2019elle<\/strong>, mais l\u00e0, elle \u00e9tait pr\u00eate \u00e0 parler de cette femme. \u00bb<\/p>\n<p>Des mots simples mais bouleversants<\/p>\n<p>Ce que la fillette, <strong>Mia, 8 ans<\/strong>, a dit de son enseignante a boulevers\u00e9 sa m\u00e8re et des milliers d\u2019internautes. La lettre contenait des phrases simples, mais \u00e9vouvantes comme :<\/p>\n<ul class=\"caas-list caas-list-bullet\">\n<li>\n<p>\u00ab Je l\u2019aime parce qu\u2019elle est gentille. \u00bb<\/p>\n<\/li>\n<li>\n<p>\u00ab Elle me laisse parler de choses que je connais bien, comme les papillons ou Jumpy l\u2019araign\u00e9e. \u00bb<\/p>\n<\/li>\n<li>\n<p><strong>\u00ab Elle ne crie jamais. \u00bb<\/strong><\/p>\n<\/li>\n<li>\n<p>\u00ab Elle rend tout meilleur. \u00bb<\/p>\n<\/li>\n<\/ul>\n<p>La maman, tr\u00e8s touch\u00e9e, a confi\u00e9 en commentaire : <strong>\u00ab J\u2019ai pleur\u00e9 en \u00e9crivant tout \u00e7a pour elle. \u00bb<\/strong> Elle a finalement d\u00e9cid\u00e9 d\u2019imprimer le texte tel quel pour le remettre directement \u00e0 l\u2019enseignante,&#8230;<\/p>\n<p><a href=\"https:\/\/www.parents.fr\/actualites\/enfant\/le-mot-touchant-dune-fillette-a-sa-maitresse-pour-le-dernier-jour-decole-emeut-des-milliers-dinternautes-1118436#at_medium=affiliate&amp;at_campaign=flux_rss&amp;at_type=Yahoo\" rel=\"nofollow noopener\" target=\"_blank\" data-ylk=\"slk:Lire la suite;elm:context_link;itc:0;sec:content-canvas\" class=\"link \">Lire la suite<\/a><\/p>\n","protected":false},"excerpt":{"rendered":"Faut-il vraiment offrir un mug ou des chocolats \u00e0 la fin de l\u2019ann\u00e9e scolaire ? Une maman a&hellip;\n","protected":false},"author":2,"featured_media":231061,"comment_status":"","ping_status":"","sticky":false,"template":"","format":"standard","meta":{"footnotes":""},"categories":[10],"tags":[37002,37003,14852,1011,27,72,71],"class_list":{"0":"post-231060","1":"post","2":"type-post","3":"status-publish","4":"format-standard","5":"has-post-thumbnail","7":"category-sante","8":"tag-carte-de-remerciement","9":"tag-des-mots","10":"tag-fin-de-lannee","11":"tag-fr","12":"tag-france","13":"tag-health","14":"tag-sante"},"share_on_mastodon":{"url":"https:\/\/pubeurope.com\/@fr\/114807845950160955","error":""},"_links":{"self":[{"href":"https:\/\/www.europesays.com\/fr\/wp-json\/wp\/v2\/posts\/231060","targetHints":{"allow":["GET"]}}],"collection":[{"href":"https:\/\/www.europesays.com\/fr\/wp-json\/wp\/v2\/posts"}],"about":[{"href":"https:\/\/www.europesays.com\/fr\/wp-json\/wp\/v2\/types\/post"}],"author":[{"embeddable":true,"href":"https:\/\/www.europesays.com\/fr\/wp-json\/wp\/v2\/users\/2"}],"replies":[{"embeddable":true,"href":"https:\/\/www.europesays.com\/fr\/wp-json\/wp\/v2\/comments?post=231060"}],"version-history":[{"count":0,"href":"https:\/\/www.europesays.com\/fr\/wp-json\/wp\/v2\/posts\/231060\/revisions"}],"wp:featuredmedia":[{"embeddable":true,"href":"https:\/\/www.europesays.com\/fr\/wp-json\/wp\/v2\/media\/231061"}],"wp:attachment":[{"href":"https:\/\/www.europesays.com\/fr\/wp-json\/wp\/v2\/media?parent=231060"}],"wp:term":[{"taxonomy":"category","embeddable":true,"href":"https:\/\/www.europesays.com\/fr\/wp-json\/wp\/v2\/categories?post=231060"},{"taxonomy":"post_tag","embeddable":true,"href":"https:\/\/www.europesays.com\/fr\/wp-json\/wp\/v2\/tags?post=231060"}],"curies":[{"name":"wp","href":"https:\/\/api.w.org\/{rel}","templated":true}]}}