{"id":231067,"date":"2025-07-06T19:07:11","date_gmt":"2025-07-06T19:07:11","guid":{"rendered":"https:\/\/www.europesays.com\/fr\/231067\/"},"modified":"2025-07-06T19:07:11","modified_gmt":"2025-07-06T19:07:11","slug":"une-aberration-il-rend-sa-voiture-de-location-un-jour-avant-ca-lui-coute-203-euros","status":"publish","type":"post","link":"https:\/\/www.europesays.com\/fr\/231067\/","title":{"rendered":"Une aberration\u00a0! Il rend sa voiture de location un jour avant\u2026 \u00e7a lui co\u00fbte 203\u00a0euros"},"content":{"rendered":"<p class=\"paragraph text_align_left lp-f-body-02\">Pugnace. Mikael, s\u00fbr de son bon droit, n\u2019a rien l\u00e2ch\u00e9. Cet ing\u00e9nieur informatique de 39 ans, domicili\u00e9 \u00e0 Montr\u00e9al, au Canada, a effectu\u00e9 un aller-retour en France de quelques jours, au mois de juin, pour rapatrier outre-Atlantique ses chats, deux British shorthair. L\u2019occasion, \u00e9galement, d\u2019une petite escapade dans l\u2019Hexagone, pour laquelle <a href=\"https:\/\/www.leparisien.fr\/economie\/consommation\/location-de-voitures-pour-les-vacances-cet-ete-les-prix-seront-plus-doux-et-les-vehicules-plus-recents-26-04-2023-WB7SZSYHI5FRVF6KHYHZ2AZ3LI.php\" target=\"_blank\" rel=\"noreferrer noopener\">il loue, \u00e0 Lyon, une Fiat 500 chez Avis Budget<\/a>, pour visiter Annecy et Grenoble.<\/p>\n<p class=\"paragraph text_align_left lp-f-body-02\">\u00ab J\u2019ai pris cinq jours au lieu de quatre parce que mon vol me faisait d\u00e9passer les quatre jours de deux heures, insiste-t-il. R\u00e9server quatre jours m\u2019aurait co\u00fbt\u00e9 15 euros de moins, mais je voulais \u00eatre 100 % dans les r\u00e8gles. \u00bb La r\u00e9servation est pr\u00e9pay\u00e9e : 5 jours donc, au tarif de 148,50 euros.<\/p>\n","protected":false},"excerpt":{"rendered":"Pugnace. Mikael, s\u00fbr de son bon droit, n\u2019a rien l\u00e2ch\u00e9. Cet ing\u00e9nieur informatique de 39 ans, domicili\u00e9 \u00e0&hellip;\n","protected":false},"author":2,"featured_media":231068,"comment_status":"","ping_status":"","sticky":false,"template":"","format":"standard","meta":{"footnotes":""},"categories":[6],"tags":[35,130,33,34,1011,27],"class_list":{"0":"post-231067","1":"post","2":"type-post","3":"status-publish","4":"format-standard","5":"has-post-thumbnail","7":"category-economie","8":"tag-business","9":"tag-consommation","10":"tag-economie","11":"tag-economy","12":"tag-fr","13":"tag-france"},"share_on_mastodon":{"url":"https:\/\/pubeurope.com\/@fr\/114807861756864192","error":""},"_links":{"self":[{"href":"https:\/\/www.europesays.com\/fr\/wp-json\/wp\/v2\/posts\/231067","targetHints":{"allow":["GET"]}}],"collection":[{"href":"https:\/\/www.europesays.com\/fr\/wp-json\/wp\/v2\/posts"}],"about":[{"href":"https:\/\/www.europesays.com\/fr\/wp-json\/wp\/v2\/types\/post"}],"author":[{"embeddable":true,"href":"https:\/\/www.europesays.com\/fr\/wp-json\/wp\/v2\/users\/2"}],"replies":[{"embeddable":true,"href":"https:\/\/www.europesays.com\/fr\/wp-json\/wp\/v2\/comments?post=231067"}],"version-history":[{"count":0,"href":"https:\/\/www.europesays.com\/fr\/wp-json\/wp\/v2\/posts\/231067\/revisions"}],"wp:featuredmedia":[{"embeddable":true,"href":"https:\/\/www.europesays.com\/fr\/wp-json\/wp\/v2\/media\/231068"}],"wp:attachment":[{"href":"https:\/\/www.europesays.com\/fr\/wp-json\/wp\/v2\/media?parent=231067"}],"wp:term":[{"taxonomy":"category","embeddable":true,"href":"https:\/\/www.europesays.com\/fr\/wp-json\/wp\/v2\/categories?post=231067"},{"taxonomy":"post_tag","embeddable":true,"href":"https:\/\/www.europesays.com\/fr\/wp-json\/wp\/v2\/tags?post=231067"}],"curies":[{"name":"wp","href":"https:\/\/api.w.org\/{rel}","templated":true}]}}