{"id":23107,"date":"2025-04-13T21:33:12","date_gmt":"2025-04-13T21:33:12","guid":{"rendered":"https:\/\/www.europesays.com\/fr\/23107\/"},"modified":"2025-04-13T21:33:12","modified_gmt":"2025-04-13T21:33:12","slug":"apres-les-groupes-et-avant-les-battles-qui-a-lequipe-la-plus-forte","status":"publish","type":"post","link":"https:\/\/www.europesays.com\/fr\/23107\/","title":{"rendered":"Apr\u00e8s les groupes et avant les battles, qui a l\u2019\u00e9quipe la plus forte\u00a0?"},"content":{"rendered":"<p>L\u2019\u00e9tape des groupes, <a href=\"https:\/\/www.20minutes.fr\/arts-stars\/television\/the-voice\/4147012-20250404-the-voice-tf1-quoi-toute-nouvelle-epreuve-baptisee-groupes\" class=\"color-ultramarine c-link\" target=\"_blank\" rel=\"noopener\">nouveaut\u00e9 de cette quatorzi\u00e8me saison<\/a> de \u00ab\u00a0<a href=\"https:\/\/www.20minutes.fr\/television\/the-voice\/\" class=\"color-ultramarine c-link\" target=\"_blank\" rel=\"noopener\">The Voice<\/a>\u00a0\u00bb, s\u2019est achev\u00e9e samedi sur <a href=\"https:\/\/www.20minutes.fr\/dossier\/tf1\" class=\"color-ultramarine c-link\" target=\"_blank\" rel=\"noopener\">TF1<\/a>. Chaque coach n\u2019a d\u00e9sormais plus que six talents dans son \u00e9quipe &#8211; plus pr\u00e9cis\u00e9ment, <a href=\"https:\/\/www.20minutes.fr\/dossier\/florent_pagny\" class=\"color-ultramarine c-link\" target=\"_blank\" rel=\"noopener\">Florent Pagny<\/a> en compte huit car il a form\u00e9 un trio\u2026 Les heureux \u00e9lus s\u2019affronteront d\u00e8s samedi prochain lors de l\u2019\u00e9preuve des \u00ab\u00a0battles\u00a0\u00bb dans l\u2019espoir de d\u00e9crocher leur ticket pour la demi-finale. 20 Minutes fait le tour des forces en pr\u00e9sence\u2026<\/p>\n<p>Team Pagny<\/p>\n<p>Lors du deuxi\u00e8me \u00e9pisode des groupes, Florent Pagny a s\u00e9lectionn\u00e9 Th\u00e9adule et Gabriel. Pr\u00e9c\u00e9demment, il a recrut\u00e9 C\u00e9sar Varadero, FG Lucas et Emilio Amico. Mais <a href=\"https:\/\/www.20minutes.fr\/arts-stars\/television\/the-voice\/4147228-20250406-the-voice-florent-pagny-cree-surprise-prend-decision-radicale-inedite\" class=\"color-ultramarine c-link\" target=\"_blank\" rel=\"noopener\">il a surtout cr\u00e9\u00e9 la surprise<\/a> en proposant \u00e0 Levon, Salvatore et S\u00e9bastien Longhi, qui ont livr\u00e9 une stup\u00e9fiante performance sur Nessun dorma, de poursuivre l\u2019aventure en trio. On suivra donc avec une attention particuli\u00e8re la suite du parcours de ceux qui pourraient devenir les Il Divo fran\u00e7ais\u2026<\/p>\n<\/p>\n<p>Team Zaz<\/p>\n<p>Neven et Bry se sont qualifi\u00e9s ce samedi pour les battles. Ils ont rejoint Maag &#8211; qui a \u00e9t\u00e9 ces derni\u00e8res ann\u00e9es une superbe Stella Spotlight dans le \u00ab\u00a0Starmania\u00a0\u00bb mis en sc\u00e8ne par Thomas Jolly &#8211; Elliot et Gianni. Mais l\u2019atout principal de cette \u00e9quipe semble \u00eatre Mina Blue. L\u2019Italienne, qui s\u2019est install\u00e9e \u00e0 Lyon et a longtemps \u00e9t\u00e9 chanteuse de rue, est impressionnante. <a href=\"https:\/\/www.20minutes.fr\/dossier\/zaz\" class=\"color-ultramarine c-link\" target=\"_blank\" rel=\"noopener\">Zaz<\/a> la compare \u00e0 \u00ab\u00a0une chamane\u00a0\u00bb. Une comparaison pertinente tant sa voix envo\u00fbtante est capable de nous faire planer.<\/p>\n<p>Team Vianney<\/p>\n<p>Kilonga, Miya et Iman sont les trois derni\u00e8res recrues de l\u2019\u00e9quipe de <a href=\"https:\/\/www.20minutes.fr\/arts-stars\/people\/vianney-bureau\/\" class=\"color-ultramarine c-link\" target=\"_blank\" rel=\"noopener\">l\u2019interpr\u00e8te de Je m\u2019en vais<\/a>. Ces talents s\u2019ajoutent \u00e0 Sorenza, Mega et The Joyful KeY s\u00e9lectionn\u00e9s la semaine pass\u00e9e. Il faut surveiller de pr\u00e8s ce dernier, \u00e9poustouflant de charisme et \u00e0 la voix assur\u00e9e\u2026 On gardera aussi un \u0153il sur le destin de Mega qui fait son bonhomme de chemin dans le t\u00e9l\u00e9crochet apr\u00e8s avoir b\u00e9n\u00e9fici\u00e9 d\u2019une \u00ab\u00a0seconde chance\u00a0\u00bb, la nouvelle r\u00e8gle de la saison.<\/p>\n<p><a href=\"https:\/\/www.20minutes.fr\/television\/the-voice\/\" class=\"c-link c-btn c-btn--primary\" target=\"_blank\" rel=\"noopener\">Nos articles sur The Voice<\/a>Team Patricia Kaas<\/p>\n<p>La \u00ab\u00a0<a href=\"https:\/\/www.youtube.com\/watch?v=PVyKu5Aeup0\" rel=\"nofollow noopener\" target=\"_blank\" class=\"color-ultramarine c-link\">Fille de l\u2019Est<\/a>\u00a0\u00bb a gard\u00e9 dans son \u00e9quipe Laelia, H\u00e9l\u00e9na et Mickael, ainsi que Charline et Teona. Une belle brochette au milieu de laquelle semble tout de m\u00eame se d\u00e9marquer Aidan Rohr. Il a plus que prouv\u00e9 ses comp\u00e9tences en chant, notamment en livrant sa version de <a href=\"https:\/\/www.youtube.com\/watch?v=5VXzWX_BnLY\" rel=\"nofollow noopener\" target=\"_blank\" class=\"color-ultramarine c-link\">Somewhere Over The Rainbow<\/a> au piano lors des auditions \u00e0 l\u2019aveugle. Et sa belle gueule ne g\u00e2che rien. Un combo s\u00e9duisant qui en fait l\u2019un des favoris pour une place en finale.<\/p>\n","protected":false},"excerpt":{"rendered":"L\u2019\u00e9tape des groupes, nouveaut\u00e9 de cette quatorzi\u00e8me saison de \u00ab\u00a0The Voice\u00a0\u00bb, s\u2019est achev\u00e9e samedi sur TF1. Chaque coach&hellip;\n","protected":false},"author":2,"featured_media":23108,"comment_status":"","ping_status":"","sticky":false,"template":"","format":"standard","meta":{"footnotes":""},"categories":[2],"tags":[11,251,58,3109,1011,27,12,25,8476,252,199,3074,8475,6706],"class_list":{"0":"post-23107","1":"post","2":"type-post","3":"status-publish","4":"format-standard","5":"has-post-thumbnail","7":"category-actualites","8":"tag-actualites","9":"tag-culture","10":"tag-divertissement","11":"tag-florent-pagny","12":"tag-fr","13":"tag-france","14":"tag-news","15":"tag-republique-francaise","16":"tag-telecrochet","17":"tag-television","18":"tag-tf1","19":"tag-the-voice","20":"tag-vianney","21":"tag-zaz"},"share_on_mastodon":{"url":"https:\/\/pubeurope.com\/@fr\/114332801646558508","error":""},"_links":{"self":[{"href":"https:\/\/www.europesays.com\/fr\/wp-json\/wp\/v2\/posts\/23107","targetHints":{"allow":["GET"]}}],"collection":[{"href":"https:\/\/www.europesays.com\/fr\/wp-json\/wp\/v2\/posts"}],"about":[{"href":"https:\/\/www.europesays.com\/fr\/wp-json\/wp\/v2\/types\/post"}],"author":[{"embeddable":true,"href":"https:\/\/www.europesays.com\/fr\/wp-json\/wp\/v2\/users\/2"}],"replies":[{"embeddable":true,"href":"https:\/\/www.europesays.com\/fr\/wp-json\/wp\/v2\/comments?post=23107"}],"version-history":[{"count":0,"href":"https:\/\/www.europesays.com\/fr\/wp-json\/wp\/v2\/posts\/23107\/revisions"}],"wp:featuredmedia":[{"embeddable":true,"href":"https:\/\/www.europesays.com\/fr\/wp-json\/wp\/v2\/media\/23108"}],"wp:attachment":[{"href":"https:\/\/www.europesays.com\/fr\/wp-json\/wp\/v2\/media?parent=23107"}],"wp:term":[{"taxonomy":"category","embeddable":true,"href":"https:\/\/www.europesays.com\/fr\/wp-json\/wp\/v2\/categories?post=23107"},{"taxonomy":"post_tag","embeddable":true,"href":"https:\/\/www.europesays.com\/fr\/wp-json\/wp\/v2\/tags?post=23107"}],"curies":[{"name":"wp","href":"https:\/\/api.w.org\/{rel}","templated":true}]}}