{"id":231071,"date":"2025-07-06T19:09:11","date_gmt":"2025-07-06T19:09:11","guid":{"rendered":"https:\/\/www.europesays.com\/fr\/231071\/"},"modified":"2025-07-06T19:09:11","modified_gmt":"2025-07-06T19:09:11","slug":"un-jeune-touriste-francais-na-plus-donne-de-nouvelles-depuis-le-16-juin-liberation","status":"publish","type":"post","link":"https:\/\/www.europesays.com\/fr\/231071\/","title":{"rendered":"un jeune touriste fran\u00e7ais n\u2019a plus donn\u00e9 de nouvelles depuis le 16 juin \u2013 Lib\u00e9ration"},"content":{"rendered":"<p class=\"sc-ksZaOG ehjQrN text-element\">Un jeune Fran\u00e7ais qui faisait une randonn\u00e9e \u00e0 v\u00e9lo en Iran n\u2019a plus donn\u00e9 de nouvelles \u00e0 ses proches depuis le 16 juin. Une disparition jug\u00e9e \u00abinqui\u00e9tante\u00bb, a d\u00e9clar\u00e9 dimanche une source diplomatique fran\u00e7aise interrog\u00e9e sur un avis de recherche post\u00e9 sur les r\u00e9seaux sociaux.<\/p>\n<p class=\"sc-ksZaOG ehjQrN text-element\">D\u2019apr\u00e8s l\u2019avis de recherche post\u00e9 sur Instagram, Lennart Monterlos, \u00e2g\u00e9 de 18 ans, a \u00e9galement la nationalit\u00e9 allemande. Originaire de Besan\u00e7on, il d\u00e9sirait apr\u00e8s avoir obtenu son bac traverser l\u2019Europe et l\u2019Asie \u00e0 v\u00e9lo pour rejoindre un cousin au Japon, en passant notamment par l\u2019Iran, comme en t\u00e9moigne la page ulule cr\u00e9\u00e9e par ses soins pour financer le projet. Lennart pr\u00e9voyait de partir 400 jours, pour arpenter 35 000 kilom\u00e8tres \u00e0 travers 35 pays.<\/p>\n<p class=\"sc-ksZaOG ehjQrN text-element\">\u00abCette disparition est inqui\u00e9tante. Nous sommes en lien avec la famille \u00e0 ce sujet\u00bb, a indiqu\u00e9 la m\u00eame source diplomatique. T\u00e9h\u00e9ran \u00abcible des ressortissants fran\u00e7ais de passage<a href=\"https:\/\/www.liberation.fr\/international\/moyen-orient\/otages-en-iran-ou-sont-cecile-kohler-et-jacques-paris-20250703_CRHSQZ2RYNDVDE6CNAT773ENDI\/?redirected=1\" target=\"_blank\" rel=\"noreferrer noopener\" title=\"https:\/\/www.liberation.fr\/international\/moyen-orient\/otages-en-iran-ou-sont-cecile-kohler-et-jacques-paris-20250703_CRHSQZ2RYNDVDE6CNAT773ENDI\/?redirected=1\"> qu\u2019il accuse d\u2019espionnage<\/a> et qu\u2019il d\u00e9tient dans des conditions indignes, dont certaines rel\u00e8vent de la d\u00e9finition en droit international de la torture\u00bb, a soulign\u00e9 la source diplomatique.<\/p>\n<p class=\"sc-ksZaOG ehjQrN text-element\">\u00abIl est recommand\u00e9 aux ressortissants fran\u00e7ais de ne pas se rendre en Iran\u00bb et \u00abpour ceux qui y seraient d\u00e9j\u00e0 de passage, il est recommand\u00e9 de quitter le territoire iranien imm\u00e9diatement en raison des risques d\u2019arrestation et de d\u00e9tention arbitraire\u00bb, a-t-elle insist\u00e9. En revanche, cette source n\u2019\u00e9tait pas en mesure de dire si ce jeune Fran\u00e7ais fait partie des Europ\u00e9ens r\u00e9cemment arr\u00eat\u00e9s en Iran, accus\u00e9s d\u2019espionnage pour Isra\u00ebl.<\/p>\n<p class=\"sc-ksZaOG ehjQrN text-element\">Deux Fran\u00e7ais, <a href=\"https:\/\/www.liberation.fr\/international\/moyen-orient\/otages-en-iran-ou-sont-cecile-kohler-et-jacques-paris-20250703_CRHSQZ2RYNDVDE6CNAT773ENDI\/\" target=\"_blank\" rel=\"noreferrer noopener\" title=\"https:\/\/www.liberation.fr\/international\/moyen-orient\/otages-en-iran-ou-sont-cecile-kohler-et-jacques-paris-20250703_CRHSQZ2RYNDVDE6CNAT773ENDI\/\">C\u00e9cile Kohler et Jacques Paris<\/a>, sont d\u00e9tenus depuis plus de trois ans en Iran. Ils sont depuis cette semaine explicitement accus\u00e9s d\u2019\u00abespionnage pour le Mossad\u00bb, le service de renseignement ext\u00e9rieur isra\u00e9lien, \u00abcomplot pour renverser le r\u00e9gime\u00bb et \u00abcorruption sur Terre\u00bb, des chefs d\u2019inculpation leur faisant encourir la peine de mort.<\/p>\n<p class=\"sc-ksZaOG ehjQrN text-element\">De tels chefs d\u2019accusation sont une \u00abprovocation \u00e0 l\u2019\u00e9gard de la France\u00bb et un \u00abchoix inacceptable d\u2019agressivit\u00e9\u00bb, avait fustig\u00e9 Emmanuel Macron. \u00abJe pourrais dire simplement que c\u2019est fantaisiste si ce n\u2019\u00e9tait pas criminel\u00bb.<\/p>\n<p class=\"sc-ksZaOG ehjQrN text-element\"><b>Mis \u00e0 jour \u00e0 19 heures 10<\/b> avec plus de contexte et d\u2019informations sur l\u2019identit\u00e9 du jeune port\u00e9 disparu.<\/p>\n","protected":false},"excerpt":{"rendered":"Un jeune Fran\u00e7ais qui faisait une randonn\u00e9e \u00e0 v\u00e9lo en Iran n\u2019a plus donn\u00e9 de nouvelles \u00e0 ses&hellip;\n","protected":false},"author":2,"featured_media":231072,"comment_status":"","ping_status":"","sticky":false,"template":"","format":"standard","meta":{"footnotes":""},"categories":[4],"tags":[11,1011,27,3019,31951,12,25],"class_list":{"0":"post-231071","1":"post","2":"type-post","3":"status-publish","4":"format-standard","5":"has-post-thumbnail","7":"category-france","8":"tag-actualites","9":"tag-fr","10":"tag-france","11":"tag-iran","12":"tag-iran-israel-guerre","13":"tag-news","14":"tag-republique-francaise"},"share_on_mastodon":{"url":"https:\/\/pubeurope.com\/@fr\/114807869549039278","error":""},"_links":{"self":[{"href":"https:\/\/www.europesays.com\/fr\/wp-json\/wp\/v2\/posts\/231071","targetHints":{"allow":["GET"]}}],"collection":[{"href":"https:\/\/www.europesays.com\/fr\/wp-json\/wp\/v2\/posts"}],"about":[{"href":"https:\/\/www.europesays.com\/fr\/wp-json\/wp\/v2\/types\/post"}],"author":[{"embeddable":true,"href":"https:\/\/www.europesays.com\/fr\/wp-json\/wp\/v2\/users\/2"}],"replies":[{"embeddable":true,"href":"https:\/\/www.europesays.com\/fr\/wp-json\/wp\/v2\/comments?post=231071"}],"version-history":[{"count":0,"href":"https:\/\/www.europesays.com\/fr\/wp-json\/wp\/v2\/posts\/231071\/revisions"}],"wp:featuredmedia":[{"embeddable":true,"href":"https:\/\/www.europesays.com\/fr\/wp-json\/wp\/v2\/media\/231072"}],"wp:attachment":[{"href":"https:\/\/www.europesays.com\/fr\/wp-json\/wp\/v2\/media?parent=231071"}],"wp:term":[{"taxonomy":"category","embeddable":true,"href":"https:\/\/www.europesays.com\/fr\/wp-json\/wp\/v2\/categories?post=231071"},{"taxonomy":"post_tag","embeddable":true,"href":"https:\/\/www.europesays.com\/fr\/wp-json\/wp\/v2\/tags?post=231071"}],"curies":[{"name":"wp","href":"https:\/\/api.w.org\/{rel}","templated":true}]}}