{"id":231075,"date":"2025-07-06T19:11:10","date_gmt":"2025-07-06T19:11:10","guid":{"rendered":"https:\/\/www.europesays.com\/fr\/231075\/"},"modified":"2025-07-06T19:11:10","modified_gmt":"2025-07-06T19:11:10","slug":"saint-priest-en-jarez-le-centre-de-supervision-urbain-inaugure-utile-pour-les-enquetes","status":"publish","type":"post","link":"https:\/\/www.europesays.com\/fr\/231075\/","title":{"rendered":"Saint-Priest-en-Jarez. Le centre de supervision urbain inaugur\u00e9, utile pour les enqu\u00eates"},"content":{"rendered":"<p>Pour cette inauguration, le nombre d\u2019\u00e9lus et de services de police qui se sont d\u00e9plac\u00e9s \u00e0 Saint-Priest-en-Jarez t\u00e9moigne que la s\u00e9curit\u00e9 est une pr\u00e9occupation partag\u00e9e par tous.<\/p>\n<p>Le maire, Christian Servant, a donc remerci\u00e9 de leur pr\u00e9sence les repr\u00e9sentants de la Pr\u00e9fecture et de la R\u00e9gion, le directeur interd\u00e9partemental et le commandant de la police nationale, les \u00e9lus de&#8230;<\/p>\n","protected":false},"excerpt":{"rendered":"Pour cette inauguration, le nombre d\u2019\u00e9lus et de services de police qui se sont d\u00e9plac\u00e9s \u00e0 Saint-Priest-en-Jarez t\u00e9moigne&hellip;\n","protected":false},"author":2,"featured_media":231076,"comment_status":"","ping_status":"","sticky":false,"template":"","format":"standard","meta":{"footnotes":""},"categories":[9653],"tags":[1111,11,2430,7539,1777,674,274,1011,27,12,25,4001,9664,15696,104],"class_list":{"0":"post-231075","1":"post","2":"type-post","3":"status-publish","4":"format-standard","5":"has-post-thumbnail","7":"category-saint-etienne","8":"tag-actu","9":"tag-actualites","10":"tag-auvergne-rhone-alpes","11":"tag-edition-loire-sud","12":"tag-eu","13":"tag-europe","14":"tag-faits-divers-justice","15":"tag-fr","16":"tag-france","17":"tag-news","18":"tag-republique-francaise","19":"tag-saint-etienne","20":"tag-saint-etienne-bassin","21":"tag-saint-priest-en-jarez","22":"tag-societe"},"share_on_mastodon":{"url":"https:\/\/pubeurope.com\/@fr\/114807877486819562","error":""},"_links":{"self":[{"href":"https:\/\/www.europesays.com\/fr\/wp-json\/wp\/v2\/posts\/231075","targetHints":{"allow":["GET"]}}],"collection":[{"href":"https:\/\/www.europesays.com\/fr\/wp-json\/wp\/v2\/posts"}],"about":[{"href":"https:\/\/www.europesays.com\/fr\/wp-json\/wp\/v2\/types\/post"}],"author":[{"embeddable":true,"href":"https:\/\/www.europesays.com\/fr\/wp-json\/wp\/v2\/users\/2"}],"replies":[{"embeddable":true,"href":"https:\/\/www.europesays.com\/fr\/wp-json\/wp\/v2\/comments?post=231075"}],"version-history":[{"count":0,"href":"https:\/\/www.europesays.com\/fr\/wp-json\/wp\/v2\/posts\/231075\/revisions"}],"wp:featuredmedia":[{"embeddable":true,"href":"https:\/\/www.europesays.com\/fr\/wp-json\/wp\/v2\/media\/231076"}],"wp:attachment":[{"href":"https:\/\/www.europesays.com\/fr\/wp-json\/wp\/v2\/media?parent=231075"}],"wp:term":[{"taxonomy":"category","embeddable":true,"href":"https:\/\/www.europesays.com\/fr\/wp-json\/wp\/v2\/categories?post=231075"},{"taxonomy":"post_tag","embeddable":true,"href":"https:\/\/www.europesays.com\/fr\/wp-json\/wp\/v2\/tags?post=231075"}],"curies":[{"name":"wp","href":"https:\/\/api.w.org\/{rel}","templated":true}]}}