{"id":231079,"date":"2025-07-06T19:13:30","date_gmt":"2025-07-06T19:13:30","guid":{"rendered":"https:\/\/www.europesays.com\/fr\/231079\/"},"modified":"2025-07-06T19:13:30","modified_gmt":"2025-07-06T19:13:30","slug":"trois-axes-de-travail-pour-lagence-regionale-de-sante","status":"publish","type":"post","link":"https:\/\/www.europesays.com\/fr\/231079\/","title":{"rendered":"trois axes de travail pour l\u2019agence r\u00e9gionale de sant\u00e9"},"content":{"rendered":"<p>Grande cause nationale, <a href=\"https:\/\/www.estrepublicain.fr\/sport\/2025\/06\/27\/preventi-fun-la-premiere-operation-de-prevention-estivale-ludique-et-pour-les-jeunes-de-l-agglo\" target=\"_blank\" rel=\"noopener\">la sant\u00e9 mentale<\/a> est aussi une pr\u00e9occupation de l\u2019agence r\u00e9gionale de sant\u00e9 (ARS) dans le d\u00e9partement. Un an apr\u00e8s la signature du projet territorial de sant\u00e9 mentale (PTSM), \u00ab\u00a0les acteurs locaux dressent un premier bilan tr\u00e8s encourageant avec l\u2019\u00e9mergence d\u2019initiatives concr\u00e8tes, innovantes et inclusives\u00a0\u00bb, se f\u00e9licite la d\u00e9l\u00e9gu\u00e9e de l\u2019ARS.<\/p>\n<p>Parmi les avanc\u00e9es phares de l\u2019ann\u00e9e \u00e9coul\u00e9e, on note\u00a0: la formation aux premiers secours en sant\u00e9 mentale avec 70 personnes issues de 26 structures form\u00e9es au rep\u00e9rage et la r\u00e9action face \u00e0&#8230;<\/p>\n","protected":false},"excerpt":{"rendered":"Grande cause nationale, la sant\u00e9 mentale est aussi une pr\u00e9occupation de l\u2019agence r\u00e9gionale de sant\u00e9 (ARS) dans le&hellip;\n","protected":false},"author":2,"featured_media":231080,"comment_status":"","ping_status":"","sticky":false,"template":"","format":"standard","meta":{"footnotes":""},"categories":[9635],"tags":[1111,11,3600,3601,3602,10174,1057,1777,674,1011,27,775,1702,12,25,71],"class_list":{"0":"post-231079","1":"post","2":"type-post","3":"status-publish","4":"format-standard","5":"has-post-thumbnail","7":"category-nancy","8":"tag-actu","9":"tag-actualites","10":"tag-bar-le-duc","11":"tag-bar-le-duc-ville-55a","12":"tag-edition-bar-le-duc","13":"tag-edition-verdun","14":"tag-education","15":"tag-eu","16":"tag-europe","17":"tag-fr","18":"tag-france","19":"tag-grand-est","20":"tag-nancy","21":"tag-news","22":"tag-republique-francaise","23":"tag-sante"},"share_on_mastodon":{"url":"https:\/\/pubeurope.com\/@fr\/114807885216259324","error":""},"_links":{"self":[{"href":"https:\/\/www.europesays.com\/fr\/wp-json\/wp\/v2\/posts\/231079","targetHints":{"allow":["GET"]}}],"collection":[{"href":"https:\/\/www.europesays.com\/fr\/wp-json\/wp\/v2\/posts"}],"about":[{"href":"https:\/\/www.europesays.com\/fr\/wp-json\/wp\/v2\/types\/post"}],"author":[{"embeddable":true,"href":"https:\/\/www.europesays.com\/fr\/wp-json\/wp\/v2\/users\/2"}],"replies":[{"embeddable":true,"href":"https:\/\/www.europesays.com\/fr\/wp-json\/wp\/v2\/comments?post=231079"}],"version-history":[{"count":0,"href":"https:\/\/www.europesays.com\/fr\/wp-json\/wp\/v2\/posts\/231079\/revisions"}],"wp:featuredmedia":[{"embeddable":true,"href":"https:\/\/www.europesays.com\/fr\/wp-json\/wp\/v2\/media\/231080"}],"wp:attachment":[{"href":"https:\/\/www.europesays.com\/fr\/wp-json\/wp\/v2\/media?parent=231079"}],"wp:term":[{"taxonomy":"category","embeddable":true,"href":"https:\/\/www.europesays.com\/fr\/wp-json\/wp\/v2\/categories?post=231079"},{"taxonomy":"post_tag","embeddable":true,"href":"https:\/\/www.europesays.com\/fr\/wp-json\/wp\/v2\/tags?post=231079"}],"curies":[{"name":"wp","href":"https:\/\/api.w.org\/{rel}","templated":true}]}}