{"id":231081,"date":"2025-07-06T19:14:58","date_gmt":"2025-07-06T19:14:58","guid":{"rendered":"https:\/\/www.europesays.com\/fr\/231081\/"},"modified":"2025-07-06T19:14:58","modified_gmt":"2025-07-06T19:14:58","slug":"reprise-du-travail-ce-mercredi-a-22-h-30","status":"publish","type":"post","link":"https:\/\/www.europesays.com\/fr\/231081\/","title":{"rendered":"reprise du travail ce mercredi \u00e0 22 h 30"},"content":{"rendered":"<p class=\"insetTitle\">Reprise du travail ce mercredi \u00e0 22 h 30<\/p>\n<p>En gr\u00e8ve depuis mardi soir, les agents de collecte de Rimma Veolia ont plant\u00e9 leur piquet de gr\u00e8ve devant les locaux de l\u2019entreprise \u00e0 Ludres et se sont r\u00e9chauff\u00e9s gr\u00e2ce \u00e0 un feu de bois.<\/p>\n<p>Un feu d\u00e9gageant une \u00e9paisse fum\u00e9e, par moments noir\u00e2tre\u2026 En attendant, donc, la r\u00e9union programm\u00e9e ce mercredi en fin d\u2019apr\u00e8s-midi, \u00e0 17\u200ah\u200a30, entre la direction et les repr\u00e9sentants du personnel. Une entrevue \u00ab\u200aprenant le bon sens\u200a\u00bb pour Renato Cherriere, d\u00e9l\u00e9gu\u00e9 Force ouvri\u00e8re, joint dans l\u2019apr\u00e8s-midi.<\/p>\n<p>\u00c0 20\u200a h \u200a30, l\u2019entrevue arrivait \u00e0 son terme. Si direction et repr\u00e9sentants de personnel sont tomb\u00e9s d\u2019accord sur la quasi-totalit\u00e9 des points abord\u00e9s, il y en a un qui n\u2019a pas trouv\u00e9 de terrain d\u2019entente. \u00c0 savoir, le paiement des jours de gr\u00e8ve.<\/p>\n<p>A 22h, les discussions d\u00e9bouchaient finalement sur un accord. Si les jours de gr\u00e8ve non pas \u00e9t\u00e9 pay\u00e9s, un ajustement sur le p\u00e9rim\u00e8tre des primes a d\u00e9bloqu\u00e9 la situation. Le travail reprenait dans la foul\u00e9e.<\/p>\n<p class=\"insetSignature\">Y.V.<\/p>\n","protected":false},"excerpt":{"rendered":"Reprise du travail ce mercredi \u00e0 22 h 30 En gr\u00e8ve depuis mardi soir, les agents de collecte&hellip;\n","protected":false},"author":2,"featured_media":231082,"comment_status":"","ping_status":"","sticky":false,"template":"","format":"standard","meta":{"footnotes":""},"categories":[9635],"tags":[1111,11,9671,1704,1777,674,1011,27,775,1702,1703,12,25,801],"class_list":{"0":"post-231081","1":"post","2":"type-post","3":"status-publish","4":"format-standard","5":"has-post-thumbnail","7":"category-nancy","8":"tag-actu","9":"tag-actualites","10":"tag-conflit-social","11":"tag-edition-nancy-et-agglomeration","12":"tag-eu","13":"tag-europe","14":"tag-fr","15":"tag-france","16":"tag-grand-est","17":"tag-nancy","18":"tag-nancy-ville-54b","19":"tag-news","20":"tag-republique-francaise","21":"tag-social"},"share_on_mastodon":{"url":"https:\/\/pubeurope.com\/@fr\/114807893065062015","error":""},"_links":{"self":[{"href":"https:\/\/www.europesays.com\/fr\/wp-json\/wp\/v2\/posts\/231081","targetHints":{"allow":["GET"]}}],"collection":[{"href":"https:\/\/www.europesays.com\/fr\/wp-json\/wp\/v2\/posts"}],"about":[{"href":"https:\/\/www.europesays.com\/fr\/wp-json\/wp\/v2\/types\/post"}],"author":[{"embeddable":true,"href":"https:\/\/www.europesays.com\/fr\/wp-json\/wp\/v2\/users\/2"}],"replies":[{"embeddable":true,"href":"https:\/\/www.europesays.com\/fr\/wp-json\/wp\/v2\/comments?post=231081"}],"version-history":[{"count":0,"href":"https:\/\/www.europesays.com\/fr\/wp-json\/wp\/v2\/posts\/231081\/revisions"}],"wp:featuredmedia":[{"embeddable":true,"href":"https:\/\/www.europesays.com\/fr\/wp-json\/wp\/v2\/media\/231082"}],"wp:attachment":[{"href":"https:\/\/www.europesays.com\/fr\/wp-json\/wp\/v2\/media?parent=231081"}],"wp:term":[{"taxonomy":"category","embeddable":true,"href":"https:\/\/www.europesays.com\/fr\/wp-json\/wp\/v2\/categories?post=231081"},{"taxonomy":"post_tag","embeddable":true,"href":"https:\/\/www.europesays.com\/fr\/wp-json\/wp\/v2\/tags?post=231081"}],"curies":[{"name":"wp","href":"https:\/\/api.w.org\/{rel}","templated":true}]}}