{"id":231092,"date":"2025-07-06T19:24:40","date_gmt":"2025-07-06T19:24:40","guid":{"rendered":"https:\/\/www.europesays.com\/fr\/231092\/"},"modified":"2025-07-06T19:24:40","modified_gmt":"2025-07-06T19:24:40","slug":"une-maison-abandonnee-detruite-par-un-incendie-dans-le-sud-de-lille-et-vilaine","status":"publish","type":"post","link":"https:\/\/www.europesays.com\/fr\/231092\/","title":{"rendered":"Une maison abandonn\u00e9e d\u00e9truite par un incendie dans le sud de l\u2019Ille-et-Vilaine"},"content":{"rendered":"<p>Ce sont les voisins qui ont donn\u00e9 l\u2019alerte vers 4\u00a0h du matin. Alert\u00e9s par des explosions qui retentissent non loin de chez eux, ils constatent rapidement qu\u2019une maison est en proie \u00e0 des flammes, au niveau du lieu-dit La Violais, dans la petite commune de <a href=\"https:\/\/redon.maville.com\/bretagne\/ille-et-vilaine\/saint-seglin\/\" target=\"_self\" rel=\"noopener\">Saint-S\u00e9glin<\/a>, dans le sud ouest de l\u2019<a href=\"https:\/\/www.ouest-france.fr\/bretagne\/ille-et-vilaine\/\" target=\"_self\" rel=\"noopener\">Ille-et-Vilaine<\/a>. Les pompiers sont alors pr\u00e9venus et parviennent rapidement \u00e0 \u00e9teindre l\u2019incendie.<\/p>\n<\/p>\n<p>\u00ab\u00a0Tout est d\u00e9truit \u00e0 l\u2019int\u00e9rieur\u00a0\u00bb<\/p>\n<p>Fort heureusement, la maison servait de r\u00e9sidence secondaire et aucun occupant n\u2019\u00e9tait pr\u00e9sent lors des faits. <strong>\u00ab\u00a0Tout est d\u00e9truit \u00e0 l\u2019int\u00e9rieur\u00a0\u00bb<\/strong>, confient en fin d\u2019apr\u00e8s-midi, des membres du voisinage, face \u00e0 la b\u00e2tisse aujourd\u2019hui d\u00e9labr\u00e9e. Une enqu\u00eate a \u00e9t\u00e9 ouverte pour comprendre ce qui a pu causer ce d\u00e9part de feu.<\/p>\n<p>\u00a0<\/p>\n","protected":false},"excerpt":{"rendered":"Ce sont les voisins qui ont donn\u00e9 l\u2019alerte vers 4\u00a0h du matin. Alert\u00e9s par des explosions qui retentissent&hellip;\n","protected":false},"author":2,"featured_media":231093,"comment_status":"","ping_status":"","sticky":false,"template":"","format":"standard","meta":{"footnotes":""},"categories":[2821],"tags":[37004,1111,11,829,37005,1777,674,1011,27,848,1310,2142,12,584,25,3728,7053],"class_list":{"0":"post-231092","1":"post","2":"type-post","3":"status-publish","4":"format-standard","5":"has-post-thumbnail","7":"category-rennes","8":"tag-abandonnee","9":"tag-actu","10":"tag-actualites","11":"tag-bretagne","12":"tag-detruite","13":"tag-eu","14":"tag-europe","15":"tag-fr","16":"tag-france","17":"tag-ille-et-vilaine","18":"tag-incendie","19":"tag-maison","20":"tag-news","21":"tag-rennes","22":"tag-republique-francaise","23":"tag-saint-malo","24":"tag-sud"},"share_on_mastodon":{"url":"https:\/\/pubeurope.com\/@fr\/114807928501087144","error":""},"_links":{"self":[{"href":"https:\/\/www.europesays.com\/fr\/wp-json\/wp\/v2\/posts\/231092","targetHints":{"allow":["GET"]}}],"collection":[{"href":"https:\/\/www.europesays.com\/fr\/wp-json\/wp\/v2\/posts"}],"about":[{"href":"https:\/\/www.europesays.com\/fr\/wp-json\/wp\/v2\/types\/post"}],"author":[{"embeddable":true,"href":"https:\/\/www.europesays.com\/fr\/wp-json\/wp\/v2\/users\/2"}],"replies":[{"embeddable":true,"href":"https:\/\/www.europesays.com\/fr\/wp-json\/wp\/v2\/comments?post=231092"}],"version-history":[{"count":0,"href":"https:\/\/www.europesays.com\/fr\/wp-json\/wp\/v2\/posts\/231092\/revisions"}],"wp:featuredmedia":[{"embeddable":true,"href":"https:\/\/www.europesays.com\/fr\/wp-json\/wp\/v2\/media\/231093"}],"wp:attachment":[{"href":"https:\/\/www.europesays.com\/fr\/wp-json\/wp\/v2\/media?parent=231092"}],"wp:term":[{"taxonomy":"category","embeddable":true,"href":"https:\/\/www.europesays.com\/fr\/wp-json\/wp\/v2\/categories?post=231092"},{"taxonomy":"post_tag","embeddable":true,"href":"https:\/\/www.europesays.com\/fr\/wp-json\/wp\/v2\/tags?post=231092"}],"curies":[{"name":"wp","href":"https:\/\/api.w.org\/{rel}","templated":true}]}}