{"id":231096,"date":"2025-07-06T19:28:11","date_gmt":"2025-07-06T19:28:11","guid":{"rendered":"https:\/\/www.europesays.com\/fr\/231096\/"},"modified":"2025-07-06T19:28:11","modified_gmt":"2025-07-06T19:28:11","slug":"une-fois-devenu-handicape-plus-rien-nest-adapte-un-an-et-demi-apres-son-accident-a-nice-ce-papy-trafic-peine-a-trouver-un-logement-viable","status":"publish","type":"post","link":"https:\/\/www.europesays.com\/fr\/231096\/","title":{"rendered":"\u00ab\u00a0Une fois devenu handicap\u00e9, plus rien n\u2019est adapt\u00e9\u00a0\u00bb: un an et demi apr\u00e8s son accident \u00e0 Nice, ce papy trafic peine \u00e0 trouver un logement viable"},"content":{"rendered":"<p>\u00ab\u00a0Je n\u2019ai plus de jambe. Mais il me reste une voix. Et je compte bien m\u2019en servir pour r\u00e9clamer mes droits.\u00a0\u00bb Vacillant sur son d\u00e9ambulateur, serrant sous le bras un \u00e9pais dossier d\u00e9bordant de paperasse, Jean-Louis Justamond s\u2019accroche \u00e0 ce qu\u2019il peut. Pour rester debout. Pour ne pas mourir, un an et demi apr\u00e8s son accident de scooter. C\u2019\u00e9tait le 27 novembre 2023, sur le boulevard Gambetta, \u00e0 Nice. Responsable des papys trafics du secteur, l\u2019ex-policier municipal compl\u00e9tant sa maigre retraite filait vers l\u2019\u00e9cole Nazareth. \u00ab\u00a0La conductrice d\u2019une voiture ne m\u2019a pas vu. Elle s\u2019est rabattue sur moi\u00a0\u00bb, l\u00e2che-t-il. <a href=\"https:\/\/www.nicematin.com\/faits-divers\/-j-ai-travaille-toute-ma-vie-et-aujourd-hui-je-dois-aller-mendier-aux-restos-du-coeur-renverse-par-une-voiture-ce-papy-trafic-nicois-n-a-pas-ete-indemnise-939428\" target=\"_blank\" rel=\"noopener\">Huit mois apr\u00e8s son accident, Nice-Matin relatait son calvaire, son combat<\/a>.<\/p>\n<p>Depuis, restent les blessures du corps \u2013 \u00ab\u00a0on a finalement d\u00fb m\u2019amputer en mars 2025\u00a0\u00bb \u2013 et celles de la t\u00eate &#8211; \u00ab\u00a0\u00e7a a \u00e9t\u00e9 comme un deuxi\u00e8me accident, \u00e7a ajoute de la noirceur.\u00a0\u00bb Voil\u00e0 une semaine que le retrait\u00e9 de 69 ans est de chez lui. \u00c0 l\u2019\u00e9troit dans son petit deux-pi\u00e8ces, il titube, ivre d\u2019injustice, d\u2019impuissance, cloisonn\u00e9 au troisi\u00e8me \u00e9tage d\u2019une barre HLM du Vallon-des-Fleurs g\u00e9r\u00e9e par C\u00f4te d\u2019Azur habitat.<\/p>\n<p>Ici, les pannes d\u2019ascenseurs se succ\u00e8dent. Ici, la colline et ses rang\u00e9es d\u2019escaliers poussent un fauteuil \u00e0 prendre la route irr\u00e9guli\u00e8re et bord\u00e9e de trottoirs trop \u00e9lev\u00e9s ou de voitures mal gar\u00e9es. Ici, l\u2019appartement est trop exigu pour laisser passer une chaise roulante et ni les toilettes, ni la salle de bains, ni la chambre, ni la cuisine ne sont \u00e9quip\u00e9s. \u00ab\u00a0Ici, \u00e0 ma mis\u00e8re s\u2019ajoute mon handicap. Et une fois devenu handicap\u00e9, plus rien n\u2019est adapt\u00e9\u00a0\u00bb, gronde le rescap\u00e9.<\/p>\n<p>Mais sa col\u00e8re cache mal son angoisse: \u00ab\u00a0Je ne sors plus, de peur de ne pas pouvoir descendre ou de ne plus pouvoir remonter.\u00a0\u00bb L\u2019achat d\u2019un fauteuil \u00e9lectrique pour 9.000 euros, difficilement d\u00e9boursables avec une retraite de 900 euros, n\u2019y a rien chang\u00e9. \u00ab\u00a0Il n\u2019y a jamais la place pour passer, c\u2019est une gal\u00e8re pas possible.\u00a0\u00bb<\/p>\n<p>Jean-Louis Justamond ne peut plus faire ses courses. Se faire livrer? \u00ab\u00a0M\u00eame avec le portage du CCAS, \u00e7a co\u00fbte huit euros par repas. Trop cher pour moi.\u00a0\u00bb Se faire d\u00e9panner par des proches? \u00ab\u00a0Je suis un enfant de la Ddass, je n\u2019ai pas de famille. Personne n\u2019est venu me voir \u00e0 l\u2019h\u00f4pital.\u00a0\u00bb Ses voisins? \u00ab\u00a0Leurs pots de fleurs bloquent le passage de mon fauteuil. Et ils s\u2019en fichent.\u00a0\u00bb<\/p>\n<p>Long silence. Que faire? \u00ab\u00a0Pour la deuxi\u00e8me ann\u00e9e cons\u00e9cutive, j\u2019ai demand\u00e9 un relogement. Il me faudrait un appartement de plain-pied, plus proche du centre-ville.\u00a0\u00bb V\u0153u pieux: le bailleur social a 24.000 demandes en cours pour 950 attributions annuelles.<\/p>\n<p>            \u00ab\u00a0L\u2019accessibilit\u00e9 est une priorit\u00e9\u00a0\u00bb<\/p>\n<p>\u00ab Un appartement adapt\u00e9 aux personnes \u00e0 mobilit\u00e9 r\u00e9duite (PMR), en rez-de-chauss\u00e9e, est une denr\u00e9e excessivement rare. \u00bb<\/p>\n<p>D\u2019embl\u00e9e, Manuel Smadja pose le d\u00e9cor. Directeur g\u00e9n\u00e9ral de C\u00f4te d\u2019Azur habitat, il fait remarquer que la situation de Jean-Louis Justamond est loin d\u2019\u00eatre isol\u00e9e : \u00ab Comme beaucoup de HLM, l\u2019ensemble du Vallon-des-Fleurs a \u00e9t\u00e9 construit dans les ann\u00e9es 60. Il n\u2019y avait aucune norme PMR. \u00bb<\/p>\n<p>Peut-il \u00eatre adapt\u00e9 ? \u00ab Pour les logements, on ne peut pas pousser les murs. Quant \u00e0 la r\u00e9sidence, des travaux d\u2019ampleur sont pr\u00e9vus au premier trimestre 2026 pour une dur\u00e9e de 24 mois (1). Ce chantier comprend une r\u00e9fection des trottoirs avec des acc\u00e8s PMR. L\u2019automatisation des portes est aussi \u00e0 l\u2019\u00e9tude. \u00bb<\/p>\n<p>Mais d\u2019ici-l\u00e0, comment le retrait\u00e9, amput\u00e9 d\u2019une jambe, va-t-il s\u2019en sortir ? Le directeur assure que \u00ab le dossier va \u00eatre pris en charge en urgence. Nous allons nous mettre en lien avec la maison d\u00e9partementale des personnes handicap\u00e9es (MDPH) et d\u2019autres bailleurs pour trouver une solution. \u00bb Un dispositif exceptionnel. Car en moyenne, le d\u00e9lai d\u2019attente pour obtenir un relogement est de 31 mois.<\/p>\n<p>1. Entre 2022 et 2032, C\u00f4te d\u2019Azur habitat s\u2019est engag\u00e9 \u00e0 investir 330 millions d\u2019euros pour la r\u00e9novation de son parc locatif. En 2026, 1 000 logements devraient ainsi \u00eatre r\u00e9nov\u00e9s.<\/p>\n","protected":false},"excerpt":{"rendered":"\u00ab\u00a0Je n\u2019ai plus de jambe. Mais il me reste une voix. Et je compte bien m\u2019en servir pour&hellip;\n","protected":false},"author":2,"featured_media":231097,"comment_status":"","ping_status":"","sticky":false,"template":"","format":"standard","meta":{"footnotes":""},"categories":[2819],"tags":[1111,11,1777,674,1011,27,12,2401,882,25,3366],"class_list":{"0":"post-231096","1":"post","2":"type-post","3":"status-publish","4":"format-standard","5":"has-post-thumbnail","7":"category-nice","8":"tag-actu","9":"tag-actualites","10":"tag-eu","11":"tag-europe","12":"tag-fr","13":"tag-france","14":"tag-news","15":"tag-nice","16":"tag-provence-alpes-cote-dazur","17":"tag-republique-francaise","18":"tag-vie-locale"},"share_on_mastodon":{"url":"https:\/\/pubeurope.com\/@fr\/114807944399829118","error":""},"_links":{"self":[{"href":"https:\/\/www.europesays.com\/fr\/wp-json\/wp\/v2\/posts\/231096","targetHints":{"allow":["GET"]}}],"collection":[{"href":"https:\/\/www.europesays.com\/fr\/wp-json\/wp\/v2\/posts"}],"about":[{"href":"https:\/\/www.europesays.com\/fr\/wp-json\/wp\/v2\/types\/post"}],"author":[{"embeddable":true,"href":"https:\/\/www.europesays.com\/fr\/wp-json\/wp\/v2\/users\/2"}],"replies":[{"embeddable":true,"href":"https:\/\/www.europesays.com\/fr\/wp-json\/wp\/v2\/comments?post=231096"}],"version-history":[{"count":0,"href":"https:\/\/www.europesays.com\/fr\/wp-json\/wp\/v2\/posts\/231096\/revisions"}],"wp:featuredmedia":[{"embeddable":true,"href":"https:\/\/www.europesays.com\/fr\/wp-json\/wp\/v2\/media\/231097"}],"wp:attachment":[{"href":"https:\/\/www.europesays.com\/fr\/wp-json\/wp\/v2\/media?parent=231096"}],"wp:term":[{"taxonomy":"category","embeddable":true,"href":"https:\/\/www.europesays.com\/fr\/wp-json\/wp\/v2\/categories?post=231096"},{"taxonomy":"post_tag","embeddable":true,"href":"https:\/\/www.europesays.com\/fr\/wp-json\/wp\/v2\/tags?post=231096"}],"curies":[{"name":"wp","href":"https:\/\/api.w.org\/{rel}","templated":true}]}}