{"id":231098,"date":"2025-07-06T19:29:29","date_gmt":"2025-07-06T19:29:29","guid":{"rendered":"https:\/\/www.europesays.com\/fr\/231098\/"},"modified":"2025-07-06T19:29:29","modified_gmt":"2025-07-06T19:29:29","slug":"mercato-francesco-farioli-ancien-coach-de-nice-signe-au-fc-porto-sport","status":"publish","type":"post","link":"https:\/\/www.europesays.com\/fr\/231098\/","title":{"rendered":"Mercato. Francesco Farioli, ancien coach de Nice, signe au FC Porto . Sport"},"content":{"rendered":"<p>Un troisi\u00e8me club en trois ans. Une fois n\u2019est pas coutume, \u00e0 seulement 36\u00a0ans, Francesco Farioli va conna\u00eetre un cinqui\u00e8me club en tant qu\u2019entra\u00eeneur. Le coach italien, qui a fait ses gammes en Turquie, \u00e0 Karag\u00fcmr\u00fck (2021) puis Alanyaspor (2021-2023), a pos\u00e9 ses valises dans le nord du Portugal.<\/p>\n<blockquote class=\"instagram-media\" data-instgrm-captioned=\"\" data-instgrm-permalink=\"https:\/\/www.instagram.com\/p\/DLwyCgXM6EB\/?utm_source=ig_embed&amp;utm_campaign=loading\" data-instgrm-version=\"14\" style=\" background:#FFF; border:0; border-radius:3px; box-shadow:0 0 1px 0 rgba(0,0,0,0.5),0 1px 10px 0 rgba(0,0,0,0.15); margin: 1px; max-width:540px; min-width:326px; padding:0; width:99.375%; width:-webkit-calc(100% - 2px); width:calc(100% - 2px);\" wp_automatic_readability=\"-0.24418604651163\"\/>\n<p>Le FC Porto a officiellement annonc\u00e9 l\u2019arriv\u00e9e de Farioli, ce dimanche 6\u00a0juillet 2025.<\/p>\n<p>Porto fait grise mine<\/p>\n<p>Arriv\u00e9 3e\u00a0en championnat la saison derni\u00e8re, Porto n\u2019est pas dans sa meilleure forme. Repr\u00e9sent\u00e9e dans le groupe A \u00e0 l\u2019occasion de la Coupe du monde des clubs, l\u2019\u00e9quipe portugaise n\u2019est pas parvenue \u00e0 sortir des phases de poules. Pire encore, elle n\u2019a remport\u00e9 aucun de ses trois matchs face \u00e0 <a href=\"https:\/\/rennes.maville.com\/sport\/detail_-coupe-du-monde-des-clubs.-porto-et-palmeiras-se-neutralisent-pour-leur-entree-en-lice-_54135-6855726_actu.Htm\" target=\"_self\" rel=\"noopener\">Palmeiras (0-0),<\/a> <a href=\"https:\/\/www.ouest-france.fr\/sport\/football\/coupe-du-monde-des-clubs\/direct-inter-miami-porto-suivez-le-match-de-la-coupe-du-monde-des-clubs-en-live-30b98e86-137e-4134-b32b-b85da2d5e0f3\" target=\"_self\" rel=\"noopener\">l\u2019Inter Miami (2-1)<\/a> et Al-Ahly (4-4).<\/p>\n<p>Ses contre-performances ont contraint les dirigeants du FC Porto \u00e0 devoir se s\u00e9parer\u00a0Martin Anselmi. C\u2019est donc une mission importante que devra assurer l\u2019ancien technicien <a href=\"https:\/\/nice.maville.com\/sport\/detail_-ligue-1.-il-cochait-toutes-les-cases-souhaitees-francesco-farioli-l-inconnu-qui-a-seduit-nice-_53018-6016002_actu.Htm\" target=\"_self\" rel=\"noopener\">pass\u00e9 par Nice<\/a> lors de la saison 2023-2024. Pour rappel, il avait <a href=\"https:\/\/rennes.maville.com\/sport\/detail_-pays-bas.-l-ancien-entraineur-nicois-francesco-farioli-quitte-le-banc-de-l-ajax-amsterdam-_54135-6814201_actu.Htm\" target=\"_self\" rel=\"noopener\">quitt\u00e9 l\u2019Ajax Amsterdam en mai dernier<\/a>, apr\u00e8s un sprint final dans la course au titre compl\u00e8tement rat\u00e9, qui avait vu le PSV finir champion d\u2019Eredivisie.<\/p>\n<p>\u00a0<\/p>\n<p>\t\t<script async src=\"\/\/www.instagram.com\/embed.js\"><\/script><\/p>\n","protected":false},"excerpt":{"rendered":"Un troisi\u00e8me club en trois ans. Une fois n\u2019est pas coutume, \u00e0 seulement 36\u00a0ans, Francesco Farioli va conna\u00eetre&hellip;\n","protected":false},"author":2,"featured_media":231099,"comment_status":"","ping_status":"","sticky":false,"template":"","format":"standard","meta":{"footnotes":""},"categories":[2819],"tags":[1111,11,3809,1465,1777,674,63,1011,27,1792,1922,2047,12,2401,882,25,479,517,1470],"class_list":{"0":"post-231098","1":"post","2":"type-post","3":"status-publish","4":"format-standard","5":"has-post-thumbnail","7":"category-nice","8":"tag-actu","9":"tag-actualites","10":"tag-ball","11":"tag-basket","12":"tag-eu","13":"tag-europe","14":"tag-football","15":"tag-fr","16":"tag-france","17":"tag-handball","18":"tag-info","19":"tag-mans","20":"tag-news","21":"tag-nice","22":"tag-provence-alpes-cote-dazur","23":"tag-republique-francaise","24":"tag-rugby","25":"tag-sport","26":"tag-volley"},"share_on_mastodon":{"url":"https:\/\/pubeurope.com\/@fr\/114807948105999223","error":""},"_links":{"self":[{"href":"https:\/\/www.europesays.com\/fr\/wp-json\/wp\/v2\/posts\/231098","targetHints":{"allow":["GET"]}}],"collection":[{"href":"https:\/\/www.europesays.com\/fr\/wp-json\/wp\/v2\/posts"}],"about":[{"href":"https:\/\/www.europesays.com\/fr\/wp-json\/wp\/v2\/types\/post"}],"author":[{"embeddable":true,"href":"https:\/\/www.europesays.com\/fr\/wp-json\/wp\/v2\/users\/2"}],"replies":[{"embeddable":true,"href":"https:\/\/www.europesays.com\/fr\/wp-json\/wp\/v2\/comments?post=231098"}],"version-history":[{"count":0,"href":"https:\/\/www.europesays.com\/fr\/wp-json\/wp\/v2\/posts\/231098\/revisions"}],"wp:featuredmedia":[{"embeddable":true,"href":"https:\/\/www.europesays.com\/fr\/wp-json\/wp\/v2\/media\/231099"}],"wp:attachment":[{"href":"https:\/\/www.europesays.com\/fr\/wp-json\/wp\/v2\/media?parent=231098"}],"wp:term":[{"taxonomy":"category","embeddable":true,"href":"https:\/\/www.europesays.com\/fr\/wp-json\/wp\/v2\/categories?post=231098"},{"taxonomy":"post_tag","embeddable":true,"href":"https:\/\/www.europesays.com\/fr\/wp-json\/wp\/v2\/tags?post=231098"}],"curies":[{"name":"wp","href":"https:\/\/api.w.org\/{rel}","templated":true}]}}