{"id":23111,"date":"2025-04-13T21:37:13","date_gmt":"2025-04-13T21:37:13","guid":{"rendered":"https:\/\/www.europesays.com\/fr\/23111\/"},"modified":"2025-04-13T21:37:13","modified_gmt":"2025-04-13T21:37:13","slug":"mort-de-christophe-dominici-on-savait-tous-sebastien-chabal-devaste-mais-pas-surpris","status":"publish","type":"post","link":"https:\/\/www.europesays.com\/fr\/23111\/","title":{"rendered":"Mort de Christophe Dominici : \u00ab\u00a0on savait tous\u2026\u00a0\u00bb, S\u00e9bastien Chabal d\u00e9vast\u00e9 mais pas surpris"},"content":{"rendered":"<p>Un <a href=\"https:\/\/www.closermag.fr\/people\/christophe-dominici-quand-auront-lieu-ses-obseques-1204643\" target=\"_blank\" rel=\"noopener\"><br \/>\nterrible drame<\/a> a touch\u00e9 de plein fouet le monde du rugby le 24<br \/>\nnovembre 2020. Ce jour-l\u00e0, l&rsquo;ancien International fran\u00e7ais<br \/>\nChristophe Dominici a \u00e9t\u00e9 r<strong>etrouv\u00e9 mort au parc de<br \/>\nSaint-Cloud<\/strong> dans les Hauts-de-Seine. L&rsquo;ancien joueur du<br \/>\nStade Fran\u00e7ais a succomb\u00e9 apr\u00e8s une chute de dix m\u00e8tres de haut.<br \/>\nInvit\u00e9 de l&rsquo;\u00e9mission Legend sur YouTube. <a href=\"https:\/\/www.closermag.fr\/people\/sebastien-chabal-qui-est-annick-sa-femme-et-mere-de-sa-fille-3536275\" target=\"_blank\" rel=\"noopener\"><br \/>\nS\u00e9bastien Chabal<\/a> est revenu sur la disparition soudaine de<br \/>\nl&rsquo;ancien membre du XV de France.<\/p>\n<p>\u00ab\u00a0Je l\u2019apprends par un copain ou la radio, je ne sais<br \/>\nplus. On le savait tous que \u00e7a pouvait arriver avec<br \/>\nChristophe Dominici, parce que <strong>c&rsquo;\u00e9tait quelqu&rsquo;un de<br \/>\nfragile<\/strong><strong>&#8230;<\/strong>\u00ab\u00a0, a premi\u00e8rement<br \/>\nindiqu\u00e9 S\u00e9bastien Chabal.\u00a0\u00ab\u00a0C&rsquo;est une immense<br \/>\ntristesse parce que c&rsquo;est quelqu&rsquo;un qui aimait les gens<br \/>\naussi, qui rigolait, mais qui avait cette lourdeur et cette<br \/>\nsouffrance au fond de lui, qu&rsquo;il tra\u00eenait depuis le d\u00e9c\u00e8s de sa<br \/>\ns\u0153ur, je pense.\u00a0On voyait qu&rsquo;il y avait quelque chose<br \/>\nde lourd&#8230;\u00a0\u00bb, a-t-il ensuite ajout\u00e9.<\/p>\n<p>Mort de Christophe Dominici : sa veuve assure ne l&rsquo;avoir<br \/>\n\u00ab\u00a0jamais vu d\u00e9pressif\u00a0\u00bb<\/p>\n<p>Le samedi 3 f\u00e9vrier 2024, la veuve de Christophe Dominici,<br \/>\n<a href=\"https:\/\/www.telestar.fr\/people\/christophe-dominici-sans-reaction-le-regard-fixe-sa-veuve-loretta-denaro-evoque-les-jours-precedant-sa-mort-857575\" target=\"_blank\" rel=\"noopener\"><br \/>\nLoretta Denaro<\/a>, \u00e9tait de passage dans l&rsquo;\u00e9mission C l&rsquo;hebdo.<br \/>\nCette derni\u00e8re assurait \u00e0 l&rsquo;\u00e9poque la promotion de son livre<br \/>\nintitul\u00e9 Sans lui. Dans lequel elle \u00e9voquait la perte de<br \/>\n<strong>celui qui partageait sa vie<\/strong> trois ans plus t\u00f4t.<br \/>\nTout en prenant soin de saluer sa m\u00e9moire.<\/p>\n<p>\u00ab\u00a0Ceux qui ont connu Christophe le savent bien, il mettait de<br \/>\nla lumi\u00e8re quand il entrait dans une pi\u00e8ce. Il avait beaucoup de<br \/>\ncharisme et d&rsquo;\u00e9nergie. C&rsquo;\u00e9tait quelqu&rsquo;un de solaire et de<br \/>\ntr\u00e8s sensible. Il \u00e9tait sensible, mais c&rsquo;\u00e9tait un<br \/>\nmeneur.\u00a0Je ne l&rsquo;ai jamais vu d\u00e9pressif ni broyer du<br \/>\nnoir. <strong>Il avait la folie dr\u00f4le<\/strong>, mais pas<br \/>\nmauvaise\u00a0\u00bb, avait tout d&rsquo;abord d\u00e9clar\u00e9 la veuve de Christophe<br \/>\nDominici.<\/p>\n<p>Les All-Blacks ont salu\u00e9 la m\u00e9moire de<br \/>\nl&rsquo;ancien rugbyman fran\u00e7ais apr\u00e8s sa tragique disparition<\/p>\n<p>\u00ab\u00a0Parfois, je me dis que le temps passera sur nous trois,<br \/>\ncomme sur tout le monde. Nous vieillirons, mais Christophe<br \/>\nDominici restera toujours le m\u00eame, le regard espi\u00e8gle, le sourire<br \/>\nmalicieux, la chevelure \u00e9bouriff\u00e9e. <strong>Il a la<br \/>\njeunesse \u00e9ternelle<\/strong>\u00ab\u00a0, avait-elle \u00e9galement soulign\u00e9.<br \/>\nLoretta Denaro avait par ailleurs d\u00e9voil\u00e9 quelles \u00e9taient, selon<br \/>\nelle, les raisons de la mort brutale de son compagnon.<\/p>\n<p>D&rsquo;apr\u00e8s elle, Christophe Dominici aurait sombr\u00e9 \u00e0 cause l&rsquo;\u00e9chec<br \/>\ndu rachat du club de B\u00e9ziers par des investisseurs \u00e9miratis. Pour<br \/>\nl&rsquo;anecdote, l&rsquo;\u00e9quipe de la Nouvelle-Z\u00e9lande avait rendu hommage au<br \/>\nrugbyman fran\u00e7ais peu apr\u00e8s sa mort. \u00ab\u00a0Petit par la taille mais<br \/>\nun titan sur le terrain, Christophe Dominici, nous ne t&rsquo;oublierons<br \/>\njamais. <strong>Repose en paix, cher ami<\/strong>\u00ab\u00a0, avaient<br \/>\nd\u00e9clar\u00e9 les All-Blacks.<\/p>\n","protected":false},"excerpt":{"rendered":"Un terrible drame a touch\u00e9 de plein fouet le monde du rugby le 24 novembre 2020. Ce jour-l\u00e0,&hellip;\n","protected":false},"author":2,"featured_media":23112,"comment_status":"","ping_status":"","sticky":false,"template":"","format":"standard","meta":{"footnotes":""},"categories":[1416],"tags":[548,1011,27,479,1468,6301,60],"class_list":{"0":"post-23111","1":"post","2":"type-post","3":"status-publish","4":"format-standard","5":"has-post-thumbnail","7":"category-rugby","8":"tag-article-simple","9":"tag-fr","10":"tag-france","11":"tag-rugby","12":"tag-rugby-football","13":"tag-sebastien-chabal","14":"tag-sports"},"share_on_mastodon":{"url":"https:\/\/pubeurope.com\/@fr\/114332817464607136","error":""},"_links":{"self":[{"href":"https:\/\/www.europesays.com\/fr\/wp-json\/wp\/v2\/posts\/23111","targetHints":{"allow":["GET"]}}],"collection":[{"href":"https:\/\/www.europesays.com\/fr\/wp-json\/wp\/v2\/posts"}],"about":[{"href":"https:\/\/www.europesays.com\/fr\/wp-json\/wp\/v2\/types\/post"}],"author":[{"embeddable":true,"href":"https:\/\/www.europesays.com\/fr\/wp-json\/wp\/v2\/users\/2"}],"replies":[{"embeddable":true,"href":"https:\/\/www.europesays.com\/fr\/wp-json\/wp\/v2\/comments?post=23111"}],"version-history":[{"count":0,"href":"https:\/\/www.europesays.com\/fr\/wp-json\/wp\/v2\/posts\/23111\/revisions"}],"wp:featuredmedia":[{"embeddable":true,"href":"https:\/\/www.europesays.com\/fr\/wp-json\/wp\/v2\/media\/23112"}],"wp:attachment":[{"href":"https:\/\/www.europesays.com\/fr\/wp-json\/wp\/v2\/media?parent=23111"}],"wp:term":[{"taxonomy":"category","embeddable":true,"href":"https:\/\/www.europesays.com\/fr\/wp-json\/wp\/v2\/categories?post=23111"},{"taxonomy":"post_tag","embeddable":true,"href":"https:\/\/www.europesays.com\/fr\/wp-json\/wp\/v2\/tags?post=23111"}],"curies":[{"name":"wp","href":"https:\/\/api.w.org\/{rel}","templated":true}]}}