{"id":231113,"date":"2025-07-06T19:38:09","date_gmt":"2025-07-06T19:38:09","guid":{"rendered":"https:\/\/www.europesays.com\/fr\/231113\/"},"modified":"2025-07-06T19:38:09","modified_gmt":"2025-07-06T19:38:09","slug":"les-50-ans-de-lindependance-comorienne-sous-le-signe-de-la-binationalite-heureuse","status":"publish","type":"post","link":"https:\/\/www.europesays.com\/fr\/231113\/","title":{"rendered":"les 50 ans de l&rsquo;ind\u00e9pendance comorienne sous le signe de la binationalit\u00e9 heureuse"},"content":{"rendered":"<p>\u00ab\u00a0Vivent les Comores et vive <a href=\"https:\/\/www.laprovence.com\/bouches-du-rhone\/marseille-13055\" target=\"_blank\" rel=\"noopener\">Marseille<\/a>\u00a0!\u00a0\u00bb C\u2019est avec ces mots qu\u2019une centaine de jeunes Comoriens r\u00e9unis dimanche 6\u00a0juillet sur la place des R\u00e9form\u00e9s (1er) ont brandi leur drapeau orn\u00e9 des quatre \u00e9toiles qui repr\u00e9sentent les \u00eeles de l\u2019archipel, au sud-est de l\u2019Afrique, <a href=\"https:\/\/www.laprovence.com\/article\/region\/9560980125141\/la-diaspora-comorienne-a-marseille-dans-le-sang-l-archipel-celebre-50-ans-d-independance\" target=\"_blank\" rel=\"noopener\">\u00e0 l\u2019occasion des 50\u00a0ans de son ind\u00e9pendance<\/a>. Entour\u00e9s de leurs a\u00een\u00e9s, ils sont l\u2019une des premi\u00e8res g\u00e9n\u00e9rations \u00e0 questionner leur binationalit\u00e9, \u00e9voquant m\u00eame \u00ab\u00a0le devoir de retour\u00a0\u00bb.<\/p>\n<p>Au premier rang, Zainou, la vingtaine, vit \u00e0 Arles mais passe le plus clair de son temps \u00e0 Marseille pour le travail. Lorsqu\u2019elle \u00e9tait encore adolescente, ses parents l\u2019ont berc\u00e9e des r\u00e9cits sur l\u2019ind\u00e9pendance de son pays d\u2019origine. \u00ab\u00a0On a grandi avec l\u2019id\u00e9e qu\u2019un jour, on rentrerait aux Comores pour faire vivre cet h\u00e9ritage. La double culture est extr\u00eamement pr\u00e9sente, car nous sommes environ 50\u00a0000 Comoriens \u00e0 Marseille\u00a0: c\u2019est plus que la population concentr\u00e9e dans beaucoup de villes de l\u2019archipel. Alors, on y retourne r\u00e9guli\u00e8rement, m\u00eame si les billets d\u2019avion co\u00fbtent jusqu\u2019\u00e0 2\u00a0500\u00a0euros par personne\u00a0\u00bb, chiffre-t-elle en se pin\u00e7ant la l\u00e8vre.<\/p>\n","protected":false},"excerpt":{"rendered":"\u00ab\u00a0Vivent les Comores et vive Marseille\u00a0!\u00a0\u00bb C\u2019est avec ces mots qu\u2019une centaine de jeunes Comoriens r\u00e9unis dimanche 6\u00a0juillet&hellip;\n","protected":false},"author":2,"featured_media":231114,"comment_status":"","ping_status":"","sticky":false,"template":"","format":"standard","meta":{"footnotes":""},"categories":[2814],"tags":[17,1111,11,1764,37007,1777,674,1011,27,24327,151,884,12,882,16,25,3789,3107],"class_list":{"0":"post-231113","1":"post","2":"type-post","3":"status-publish","4":"format-standard","5":"has-post-thumbnail","7":"category-marseille","8":"tag-17","9":"tag-actu","10":"tag-actualites","11":"tag-ans","12":"tag-comorienne","13":"tag-eu","14":"tag-europe","15":"tag-fr","16":"tag-france","17":"tag-lindependance","18":"tag-les","19":"tag-marseille","20":"tag-news","21":"tag-provence-alpes-cote-dazur","22":"tag-region","23":"tag-republique-francaise","24":"tag-signe","25":"tag-sous"},"share_on_mastodon":{"url":"https:\/\/pubeurope.com\/@fr\/114807983532835627","error":""},"_links":{"self":[{"href":"https:\/\/www.europesays.com\/fr\/wp-json\/wp\/v2\/posts\/231113","targetHints":{"allow":["GET"]}}],"collection":[{"href":"https:\/\/www.europesays.com\/fr\/wp-json\/wp\/v2\/posts"}],"about":[{"href":"https:\/\/www.europesays.com\/fr\/wp-json\/wp\/v2\/types\/post"}],"author":[{"embeddable":true,"href":"https:\/\/www.europesays.com\/fr\/wp-json\/wp\/v2\/users\/2"}],"replies":[{"embeddable":true,"href":"https:\/\/www.europesays.com\/fr\/wp-json\/wp\/v2\/comments?post=231113"}],"version-history":[{"count":0,"href":"https:\/\/www.europesays.com\/fr\/wp-json\/wp\/v2\/posts\/231113\/revisions"}],"wp:featuredmedia":[{"embeddable":true,"href":"https:\/\/www.europesays.com\/fr\/wp-json\/wp\/v2\/media\/231114"}],"wp:attachment":[{"href":"https:\/\/www.europesays.com\/fr\/wp-json\/wp\/v2\/media?parent=231113"}],"wp:term":[{"taxonomy":"category","embeddable":true,"href":"https:\/\/www.europesays.com\/fr\/wp-json\/wp\/v2\/categories?post=231113"},{"taxonomy":"post_tag","embeddable":true,"href":"https:\/\/www.europesays.com\/fr\/wp-json\/wp\/v2\/tags?post=231113"}],"curies":[{"name":"wp","href":"https:\/\/api.w.org\/{rel}","templated":true}]}}