{"id":231119,"date":"2025-07-06T19:41:23","date_gmt":"2025-07-06T19:41:23","guid":{"rendered":"https:\/\/www.europesays.com\/fr\/231119\/"},"modified":"2025-07-06T19:41:23","modified_gmt":"2025-07-06T19:41:23","slug":"la-mairie-propose-a-huit-jeunes-lyonnais-de-partir-a-la-decouverte-de-leurope-a-lyon","status":"publish","type":"post","link":"https:\/\/www.europesays.com\/fr\/231119\/","title":{"rendered":"la mairie propose \u00e0 huit jeunes Lyonnais de partir \u00e0 la d\u00e9couverte de l\u2019Europe\u2026 \u00e0 Lyon"},"content":{"rendered":"<p itemprop=\"description\"><strong>Comprendre ce que signifie \u00ab\u00a0faire partie de l\u2019Europe\u00a0\u00bb, c\u2019est l\u2019objectif du programme \u00ab\u00a0L\u2019Europe au c\u0153ur (de ma ville !)\u00a0\u00bb, initi\u00e9 par la Ville de Lyon. Huit jeunes Lyonnais partiront \u00e0 la d\u00e9couverte de l\u2019Europe, mais depuis la capitale des Gaules&#8230;<\/strong><\/p>\n<p>Huit jeunes Lyonnais iront \u00e0 la d\u00e9couverte de l\u2019Europe. \u00a0A Lyon du 30 juin au 4 juillet, puis \u00e0 Turin du 7 au 11 juillet, ils partiront \u00e0 la rencontre de l\u2019Europe dans leur ville et au-del\u00e0 avec un programme m\u00ealant d\u00e9couverte, mobilit\u00e9 et engagement citoyen.<\/p>\n<p>Une exp\u00e9rience dans le cadre de \u00ab\u00a0L\u2019Europe au c\u0153ur (de ma ville !)\u00a0\u00bb. Cette initiative de la Ville de Lyon est n\u00e9e de r\u00e9flexions men\u00e9es lors des 10es Universit\u00e9s europ\u00e9ennes de l\u2019Association fran\u00e7aise du conseil des communes et r\u00e9gions d\u2019Europe (AFCCRE) en octobre 2024.<\/p>\n<p>Le projet a \u00e9t\u00e9 port\u00e9 en partenariat avec la Maison des Europ\u00e9ens Lyon (MDEL), association labellis\u00e9e EUROPE DIRECT. Celle-ci agit aupr\u00e8s du grand public pour informer sur l\u2019Union europ\u00e9enne, encourager et animer le d\u00e9bat europ\u00e9en, et accompagner les citoyens et les porteurs de projets de la Ville et de la M\u00e9tropole de Lyon.<\/p>\n<p><strong>Mieux comprendre l\u2019impact de l\u2019Europe<\/strong><\/p>\n<p>L\u2019objectif est donc de proposer \u00e0 des jeunes Lyonnais majeurs et plut\u00f4t \u00e9loign\u00e9s des questions europ\u00e9ennes, de d\u00e9couvrir l\u2019impact de l\u2019Union europ\u00e9enne dans leur quotidien, \u00e0 Lyon ou ailleurs en Europe gr\u00e2ce \u00e0 un programme immersif. Le mode de recrutement n&rsquo;a pas \u00e9t\u00e9 pr\u00e9cis\u00e9.<\/p>\n<p>A Lyon puis \u00e0 Turin, les huit participants rencontreront des acteurs institutionnels, associatifs et culturels engag\u00e9s. Ils pourront \u00e9galement d\u00e9couvrir des projets financ\u00e9s par l\u2019Union europ\u00e9enne et participeront \u00e0 des ateliers et activit\u00e9s autour de l\u2019Europe, telles qu\u2019une balade dans la ville, des animations pour mieux conna\u00eetre les Etats membres et les institutions de l\u2019UE, ou encore des ateliers m\u00e9dias.<\/p>\n<p>La Ville de Lyon souhaite affirmer sa volont\u00e9 d\u2019encourager l\u2019engagement europ\u00e9en des jeunes g\u00e9n\u00e9rations. Avec des parcours vari\u00e9s, les huit jeunes Lyonnais partagent une m\u00eame envie qui est de mieux comprendre ce que signifie \u00ab\u00a0faire partie de l\u2019Europe\u00a0\u00bb.<\/p>\n<p>\u00ab\u00a0Ma motivation, c\u2019est l\u2019envie de d\u00e9couvrir comment l\u2019Europe s\u2019inscrit concr\u00e8tement dans notre ville. Je m\u2019int\u00e9resse aux citoyens, aux rapports qu\u2019ils ont avec leur ville et \u00e0 tout ce qui renforce leurs liens\u00a0\u00bb, explique Wal\u00e8ne \u00e2g\u00e9 de 20 ans et en recherche de formation.<\/p>\n","protected":false},"excerpt":{"rendered":"Comprendre ce que signifie \u00ab\u00a0faire partie de l\u2019Europe\u00a0\u00bb, c\u2019est l\u2019objectif du programme \u00ab\u00a0L\u2019Europe au c\u0153ur (de ma ville&hellip;\n","protected":false},"author":2,"featured_media":231120,"comment_status":"","ping_status":"","sticky":false,"template":"","format":"standard","meta":{"footnotes":""},"categories":[1889],"tags":[1111,11,2813,2190,2430,1109,251,1112,2811,1777,674,118,1011,27,1922,1110,1114,2428,2810,12,241,316,25,2812,517,800],"class_list":{"0":"post-231119","1":"post","2":"type-post","3":"status-publish","4":"format-standard","5":"has-post-thumbnail","7":"category-lyon","8":"tag-actu","9":"tag-actualites","10":"tag-article","11":"tag-asvel","12":"tag-auvergne-rhone-alpes","13":"tag-breves","14":"tag-culture","15":"tag-depeches","16":"tag-economique","17":"tag-eu","18":"tag-europe","19":"tag-faits-divers","20":"tag-fr","21":"tag-france","22":"tag-info","23":"tag-informations","24":"tag-infos","25":"tag-lyon","26":"tag-lyonmag","27":"tag-news","28":"tag-ol","29":"tag-politique","30":"tag-republique-francaise","31":"tag-sociale","32":"tag-sport","33":"tag-transports"},"share_on_mastodon":{"url":"https:\/\/pubeurope.com\/@fr\/114807995308890590","error":""},"_links":{"self":[{"href":"https:\/\/www.europesays.com\/fr\/wp-json\/wp\/v2\/posts\/231119","targetHints":{"allow":["GET"]}}],"collection":[{"href":"https:\/\/www.europesays.com\/fr\/wp-json\/wp\/v2\/posts"}],"about":[{"href":"https:\/\/www.europesays.com\/fr\/wp-json\/wp\/v2\/types\/post"}],"author":[{"embeddable":true,"href":"https:\/\/www.europesays.com\/fr\/wp-json\/wp\/v2\/users\/2"}],"replies":[{"embeddable":true,"href":"https:\/\/www.europesays.com\/fr\/wp-json\/wp\/v2\/comments?post=231119"}],"version-history":[{"count":0,"href":"https:\/\/www.europesays.com\/fr\/wp-json\/wp\/v2\/posts\/231119\/revisions"}],"wp:featuredmedia":[{"embeddable":true,"href":"https:\/\/www.europesays.com\/fr\/wp-json\/wp\/v2\/media\/231120"}],"wp:attachment":[{"href":"https:\/\/www.europesays.com\/fr\/wp-json\/wp\/v2\/media?parent=231119"}],"wp:term":[{"taxonomy":"category","embeddable":true,"href":"https:\/\/www.europesays.com\/fr\/wp-json\/wp\/v2\/categories?post=231119"},{"taxonomy":"post_tag","embeddable":true,"href":"https:\/\/www.europesays.com\/fr\/wp-json\/wp\/v2\/tags?post=231119"}],"curies":[{"name":"wp","href":"https:\/\/api.w.org\/{rel}","templated":true}]}}