{"id":231125,"date":"2025-07-06T19:46:13","date_gmt":"2025-07-06T19:46:13","guid":{"rendered":"https:\/\/www.europesays.com\/fr\/231125\/"},"modified":"2025-07-06T19:46:13","modified_gmt":"2025-07-06T19:46:13","slug":"ils-cambriolent-une-maroquinerie-de-luxe-et-repartent-avec-un-butin-dun-million-deuros","status":"publish","type":"post","link":"https:\/\/www.europesays.com\/fr\/231125\/","title":{"rendered":"Ils cambriolent une maroquinerie de luxe et repartent avec un butin d&rsquo;un million d&rsquo;euros"},"content":{"rendered":"<p>            Par<br \/>\n        <strong><br \/>\n            <a href=\"https:\/\/actu.fr\/auteur\/thomas-martin\" title=\"Consulter tous les articles de Thomas Martin\" target=\"_blank\" rel=\"noopener\">Thomas Martin<\/a><br \/>\n        <\/strong><\/p>\n<p>        Publi\u00e9 le<\/p>\n<p>            6 juil. 2025 \u00e0 20h43        <\/p>\n<p>Une boutique de maroquinerie de <a href=\"https:\/\/actu.fr\/tag\/luxe\" target=\"_blank\" rel=\"noopener\">luxe<\/a> sp\u00e9cialis\u00e9e dans la seconde main a \u00e9t\u00e9 <a href=\"https:\/\/actu.fr\/tag\/cambriolage\" target=\"_blank\" rel=\"noopener\">cambriol\u00e9e<\/a> dimanche \u00e0 l\u2019aube \u00e0 Paris par plusieurs personnes qui se sont empar\u00e9es de sacs \u00e0 main Chanel, Herm\u00e8s ou Dior pour un montant d\u2019environ <strong>un million d\u2019euros<\/strong>, a appris l\u2019AFP de source polici\u00e8re.<\/p>\n<p>Plus d\u2019une centaine de sacs vol\u00e9s<\/p>\n<p class=\" wall-content\">Le casse s\u2019est d\u00e9roul\u00e9 peu apr\u00e8s 5h\u00a0 <strong>rue du Faubourg Saint-Honor\u00e9<\/strong>, dans le 8e arrondissement. Les malfaiteurs se sont introduits dans le magasin \u00ab\u00a0Houlux\u00a0\u00bb en escaladant un balcon au 4e \u00e9tage, a-t-on ajout\u00e9 de m\u00eame source.<\/p>\n<p class=\" wall-content\">Apr\u00e8s avoir d\u00e9sactiv\u00e9 l\u2019alarme, ils ont jet\u00e9 les sacs par la fen\u00eatre o\u00f9 un complice les a r\u00e9ceptionn\u00e9s pour les mettre dans un v\u00e9hicule. Plus d\u2019une centaine de sacs de marques Herm\u00e8s, Dior, Louis Vuitton et Chanel ont \u00e9t\u00e9 d\u00e9rob\u00e9s.<\/p>\n<p class=\" wall-content\">Ils ont quitt\u00e9 les lieux vingt minutes plus tard.\u00a0<\/p>\n<p class=\" wall-content\">La <a href=\"https:\/\/actu.fr\/ile-de-france\/paris_75056\/braquages-home-jackings-dans-les-coulisses-de-la-mythique-brigade-de-repression-du-banditisme-de-paris_62212063.html\" target=\"_blank\" rel=\"noopener\">brigade de r\u00e9pression du banditisme<\/a> (BRB) a \u00e9t\u00e9 saisie de l\u2019enqu\u00eate.<\/p>\n<p>Vid\u00e9os : en ce moment sur Actu<\/p>\n<p class=\" wall-content\">Suivez toute l\u2019actualit\u00e9 de vos villes et m\u00e9dias favoris en vous inscrivant \u00e0 <a href=\"https:\/\/moncompte.actu.fr\" title=\"D\u00e9couvez Mon Actu\" rel=\"nofollow noopener\" data-trk=\"{&quot;cta&quot;:{&quot;action&quot;:&quot;https:\\\/\\\/moncompte.actu.fr&quot;,&quot;category&quot;:&quot;mon compte&quot;,&quot;from&quot;:&quot;article footer&quot;,&quot;name&quot;:&quot;Mon actu&quot;,&quot;type&quot;:&quot;cta&quot;}}\" target=\"_blank\">Mon Actu<\/a>.<\/p>\n","protected":false},"excerpt":{"rendered":"Par Thomas Martin Publi\u00e9 le 6 juil. 2025 \u00e0 20h43 Une boutique de maroquinerie de luxe sp\u00e9cialis\u00e9e dans&hellip;\n","protected":false},"author":2,"featured_media":231126,"comment_status":"","ping_status":"","sticky":false,"template":"","format":"standard","meta":{"footnotes":""},"categories":[1888],"tags":[11,1174,1777,674,118,1011,27,2425,12,626,1072,25],"class_list":{"0":"post-231125","1":"post","2":"type-post","3":"status-publish","4":"format-standard","5":"has-post-thumbnail","7":"category-paris","8":"tag-actualites","9":"tag-cambriolage","10":"tag-eu","11":"tag-europe","12":"tag-faits-divers","13":"tag-fr","14":"tag-france","15":"tag-luxe","16":"tag-news","17":"tag-paris","18":"tag-police","19":"tag-republique-francaise"},"share_on_mastodon":{"url":"https:\/\/pubeurope.com\/@fr\/114808015281581192","error":""},"_links":{"self":[{"href":"https:\/\/www.europesays.com\/fr\/wp-json\/wp\/v2\/posts\/231125","targetHints":{"allow":["GET"]}}],"collection":[{"href":"https:\/\/www.europesays.com\/fr\/wp-json\/wp\/v2\/posts"}],"about":[{"href":"https:\/\/www.europesays.com\/fr\/wp-json\/wp\/v2\/types\/post"}],"author":[{"embeddable":true,"href":"https:\/\/www.europesays.com\/fr\/wp-json\/wp\/v2\/users\/2"}],"replies":[{"embeddable":true,"href":"https:\/\/www.europesays.com\/fr\/wp-json\/wp\/v2\/comments?post=231125"}],"version-history":[{"count":0,"href":"https:\/\/www.europesays.com\/fr\/wp-json\/wp\/v2\/posts\/231125\/revisions"}],"wp:featuredmedia":[{"embeddable":true,"href":"https:\/\/www.europesays.com\/fr\/wp-json\/wp\/v2\/media\/231126"}],"wp:attachment":[{"href":"https:\/\/www.europesays.com\/fr\/wp-json\/wp\/v2\/media?parent=231125"}],"wp:term":[{"taxonomy":"category","embeddable":true,"href":"https:\/\/www.europesays.com\/fr\/wp-json\/wp\/v2\/categories?post=231125"},{"taxonomy":"post_tag","embeddable":true,"href":"https:\/\/www.europesays.com\/fr\/wp-json\/wp\/v2\/tags?post=231125"}],"curies":[{"name":"wp","href":"https:\/\/api.w.org\/{rel}","templated":true}]}}