{"id":231127,"date":"2025-07-06T19:47:11","date_gmt":"2025-07-06T19:47:11","guid":{"rendered":"https:\/\/www.europesays.com\/fr\/231127\/"},"modified":"2025-07-06T19:47:11","modified_gmt":"2025-07-06T19:47:11","slug":"mma-benoit-saint-denis-annonce-sa-participation-au-prochain-lufc-paris","status":"publish","type":"post","link":"https:\/\/www.europesays.com\/fr\/231127\/","title":{"rendered":"MMA : Beno\u00eet Saint-Denis annonce sa participation au prochain l\u2019UFC Paris"},"content":{"rendered":"<p class=\"paragraph text_align_left lp-f-body-02\">Il a une revanche \u00e0 prendre. <a href=\"https:\/\/www.leparisien.fr\/sports\/mma\/benoit-saint-denis\/\" target=\"_blank\" rel=\"noreferrer noopener\">Beno\u00eet Saint-Denis<\/a>, la star fran\u00e7aise du <a href=\"https:\/\/www.leparisien.fr\/sports\/mma\/\" target=\"_blank\" rel=\"noreferrer noopener\">MMA<\/a>, actuel 14e au classement des poids l\u00e9gers (-70,3 kgs) \u00e0 l\u2019UFC, a annonc\u00e9 ce dimanche sur ses r\u00e9seaux sociaux qu\u2019il sera de nouveau pr\u00e9sent sur la carte de l\u2019UFC Paris, le 6 septembre prochain \u00e0 l\u2019Accor Arena.<\/p>\n<p class=\"paragraph text_align_left lp-f-body-02\">\u00ab Fier de vous annoncer qu\u2019on se donne RDV le 6 septembre \u00e0 l\u2019UFC Paris \u00bb, a-t-il claironn\u00e9 sur Instagram. Son adversaire n\u2019est, en revanche, pas encore connu. Main event du dernier \u00e9v\u00e9nement parisien de l\u2019Ultimate Fighting Championship, <a href=\"https:\/\/www.leparisien.fr\/sports\/mma\/mma-les-billets-pour-lufc-paris-4-a-laccor-arena-avec-nassourdine-imavov-mis-en-vente-ce-vendredi-03-07-2025-WU5DDOU5WRAIXEZWU5N5S2J5PE.php\" target=\"_blank\" rel=\"noreferrer noopener\">il laissera cette fois-ci cet honneur \u00e0 son compatriote Nassourdine Imavov<\/a>, qui affrontera Caio Borralho chez les poids moyens (-83,9 kgs).<\/p>\n<p class=\"paragraph text_align_left lp-f-body-02\">C\u2019est la quatri\u00e8me ann\u00e9e cons\u00e9cutive que \u00ab God of War \u00bb assurera le spectacle \u00e0 l\u2019UFC Paris. Victorieux en 2022 et en 2023 face \u00e0 Gabriel Miranda et Tiago Mois\u00e9s, <a href=\"https:\/\/www.leparisien.fr\/sports\/mma\/ufc-paris-3-visage-tumefie-oeil-ferme-benoit-saint-denis-battu-par-arret-de-larbitre-au-deuxieme-round-29-09-2024-JLKJOCKATBCV7DLJL5DCV5FUKY.php\" target=\"_blank\" rel=\"noreferrer noopener\">il avait \u00e9t\u00e9 d\u00e9fait en 2024 par Renato Moicano<\/a>, lors du main event de la soir\u00e9e. <\/p>\n","protected":false},"excerpt":{"rendered":"Il a une revanche \u00e0 prendre. Beno\u00eet Saint-Denis, la star fran\u00e7aise du MMA, actuel 14e au classement des&hellip;\n","protected":false},"author":2,"featured_media":231128,"comment_status":"","ping_status":"","sticky":false,"template":"","format":"standard","meta":{"footnotes":""},"categories":[1888],"tags":[11,1777,674,1011,27,1847,12,626,25,60],"class_list":{"0":"post-231127","1":"post","2":"type-post","3":"status-publish","4":"format-standard","5":"has-post-thumbnail","7":"category-paris","8":"tag-actualites","9":"tag-eu","10":"tag-europe","11":"tag-fr","12":"tag-france","13":"tag-mma","14":"tag-news","15":"tag-paris","16":"tag-republique-francaise","17":"tag-sports"},"share_on_mastodon":{"url":"https:\/\/pubeurope.com\/@fr\/114808019143331797","error":""},"_links":{"self":[{"href":"https:\/\/www.europesays.com\/fr\/wp-json\/wp\/v2\/posts\/231127","targetHints":{"allow":["GET"]}}],"collection":[{"href":"https:\/\/www.europesays.com\/fr\/wp-json\/wp\/v2\/posts"}],"about":[{"href":"https:\/\/www.europesays.com\/fr\/wp-json\/wp\/v2\/types\/post"}],"author":[{"embeddable":true,"href":"https:\/\/www.europesays.com\/fr\/wp-json\/wp\/v2\/users\/2"}],"replies":[{"embeddable":true,"href":"https:\/\/www.europesays.com\/fr\/wp-json\/wp\/v2\/comments?post=231127"}],"version-history":[{"count":0,"href":"https:\/\/www.europesays.com\/fr\/wp-json\/wp\/v2\/posts\/231127\/revisions"}],"wp:featuredmedia":[{"embeddable":true,"href":"https:\/\/www.europesays.com\/fr\/wp-json\/wp\/v2\/media\/231128"}],"wp:attachment":[{"href":"https:\/\/www.europesays.com\/fr\/wp-json\/wp\/v2\/media?parent=231127"}],"wp:term":[{"taxonomy":"category","embeddable":true,"href":"https:\/\/www.europesays.com\/fr\/wp-json\/wp\/v2\/categories?post=231127"},{"taxonomy":"post_tag","embeddable":true,"href":"https:\/\/www.europesays.com\/fr\/wp-json\/wp\/v2\/tags?post=231127"}],"curies":[{"name":"wp","href":"https:\/\/api.w.org\/{rel}","templated":true}]}}