{"id":231142,"date":"2025-07-06T19:55:12","date_gmt":"2025-07-06T19:55:12","guid":{"rendered":"https:\/\/www.europesays.com\/fr\/231142\/"},"modified":"2025-07-06T19:55:12","modified_gmt":"2025-07-06T19:55:12","slug":"elle-a-ete-massacree-ce-que-lon-sait-de-lagression-de-linfluenceuse-soraya-riffy","status":"publish","type":"post","link":"https:\/\/www.europesays.com\/fr\/231142\/","title":{"rendered":"\u00ab\u00a0Elle a \u00e9t\u00e9 massacr\u00e9e\u00a0\u00bb\u2026 Ce que l\u2019on sait de l\u2019agression de l\u2019influenceuse Soraya Riffy"},"content":{"rendered":"<p>Les images de son visage ensanglant\u00e9 et tum\u00e9fi\u00e9 refl\u00e8tent la violence de l\u2019agression. Vendredi soir, <a href=\"https:\/\/www.20minutes.fr\/faits_divers\/4162187-20250706-marseille-influenceuse-soraya-riffy-violemment-agressee-lors-cambriolage\" target=\"_blank\" class=\"color-ultramarine c-link\" rel=\"nofollow noopener\">l\u2019influenceuse Soraya Riffy a \u00e9t\u00e9 victime d\u2019une agression d\u2019une violence inou\u00efe<\/a>, chez elle, dans le 9e\u00a0arrondissement de <a href=\"https:\/\/www.20minutes.fr\/magazine\/tendances-marseille-mag\/\" class=\"color-ultramarine c-link\" rel=\"nofollow noopener\" target=\"_blank\">Marseille<\/a>. La jeune femme, \u00e2g\u00e9e de 30 ans, a \u00e9t\u00e9 rou\u00e9e de coups, ligot\u00e9e et asperg\u00e9e d\u2019eau de javel. Elle craint \u00e9galement d\u2019avoir \u00e9t\u00e9 victime d\u2019un <a href=\"https:\/\/www.20minutes.fr\/dossier\/viol\" class=\"color-ultramarine c-link\" rel=\"nofollow noopener\" target=\"_blank\">viol<\/a> lorsqu\u2019elle avait perdu connaissance. \u00ab\u00a0Elle a \u00e9t\u00e9 massacr\u00e9e, physiquement mais \u00e9galement psychologiquement\u00a0\u00bb, insiste aupr\u00e8s de 20 Minutes son avocat, Me Tom Michel. Et de pr\u00e9ciser\u00a0: \u00ab\u00a0Ne pas savoir ce qu\u2019il s\u2019est pass\u00e9 apr\u00e8s qu\u2019elle a perdu connaissance est une souffrance terrible.\u00a0\u00bb Elle a port\u00e9 plainte pour vol avec violences et viol.<\/p>\n<p>Selon le r\u00e9cit de cette soir\u00e9e, consign\u00e9e dans sa plainte, Soraya Riffy \u00e9tait en train de r\u00e9pondre \u00e0 des abonn\u00e9s lorsque quelqu\u2019un a sonn\u00e9 chez elle. Mais dans l\u2019\u0153illeton, personne. Elle ouvre alors sa porte et constate que le hall est vide. En revanche, un homme \u00e0 l\u2019allure soign\u00e9, poli, frappe \u00e0 la porte ext\u00e9rieure, pr\u00e9tendant avoir oubli\u00e9 ses cl\u00e9s. Elle lui ouvre puis tourne les talons pour regagner son appartement. Mais alors qu\u2019elle est sur le seuil, elle est violemment frapp\u00e9e. Un coup de poing dans le nez la fait tomber par terre. L\u2019homme \u00e0 qui elle a ouvert est rapidement rejoint par un second, tout de noir v\u00eatu, avec une capuche. Tous deux rentrent chez elle, l\u2019entra\u00eenant avec eux.<\/p>\n<p>\u00ab\u00a0Il m\u2019a demand\u00e9 d\u2019arr\u00eater sinon il me tuerait\u00a0\u00bb<\/p>\n<p>Soraya Riffy est b\u00e2illonn\u00e9e avec du scotch, ligot\u00e9e au niveau de la gorge, des mains et des pieds. C\u2019est \u00e0 ce moment-l\u00e0 que l\u2019un de ses deux agresseurs \u2013 celui arriv\u00e9 en second &#8211; s\u2019exclame\u00a0: \u00ab\u00a0laisse-moi lui baiser sa m\u00e8re\u00a0\u00bb. Son complice le rabroue imm\u00e9diatement, lui enjoignant de le laisser faire sa \u00ab\u00a0mission\u00a0\u00bb tranquillement. L\u2019homme tout de noir v\u00eatu quitte alors les lieux. Aux enqu\u00eateurs, la jeune femme a confi\u00e9 s\u2019\u00eatre imagin\u00e9e tous les sc\u00e9narios en voyant son agresseur \u00e9quip\u00e9 de plusieurs couteaux. M\u00eame celui d\u2019\u00eatre victime d\u2019un trafic d\u2019organes. \u00ab\u00a0Comme je bougeais trop, il s\u2019est \u00e9nerv\u00e9 et m\u2019a pos\u00e9 une arme de poing sur la tempe. Il m\u2019a demand\u00e9 d\u2019arr\u00eater sinon il me tuerait\u00a0\u00bb, poursuit-elle. Alors qu\u2019elle est retenue captive, le criminel fouille l\u2019int\u00e9gralit\u00e9 de l\u2019appartement, la tirant de pi\u00e8ce en pi\u00e8ce pour l\u2019avoir toujours sous les yeux.<\/p>\n<p><img decoding=\"async\" alt=\"Soraya Riffy a post\u00e9 une photo d'elle apr\u00e8s son agression, chez elle. \" class=\"c-img\" loading=\"lazy\" fetchpriority=\"auto\" width=\"718\"  src=\"https:\/\/img.20mn.fr\/qk1K4llQSSWFq7zoCJmIGik\/718x0\" \/>Soraya Riffy a post\u00e9 une photo d&rsquo;elle apr\u00e8s son agression, chez elle. \u2002-\u00a0Soraya Riffy<\/p>\n<p>Mais le scotch \u00e9tant trop serr\u00e9, Soraya Riffy commence \u00e0 suffoquer. L\u2019influenceuse, par ailleurs infirmi\u00e8re lib\u00e9rale, pr\u00e9cise qu\u2019elle commence \u00e0\u00a0convulser et sent qu\u2019elle perd connaissance. \u00ab\u00a0Ma cliente est incapable de dire combien de temps elle a perdu connaissance, il y a des pans entiers de la soir\u00e9e dont elle ne se rappelle plus, assure son avocat. En revanche, ce qui est s\u00fbr c\u2019est qu\u2019elle a des marques, des traces, des griffures qui sugg\u00e8rent qu\u2019elle pourrait avoir \u00e9t\u00e9 viol\u00e9e ou victime d\u2019une agression sexuelle.\u00a0\u00bb Selon nos informations, des expertises sont en cours ce dimanche.<\/p>\n<p>Asperg\u00e9e de produits m\u00e9nagers<\/p>\n<p>La voyant inconsciente, son agresseur aurait alors, avec son cutter, d\u00e9fait les liens\u2026 pour les raccrocher quelques instants plus tard, l\u00e9g\u00e8rement moins serr\u00e9s. Apr\u00e8s avoir fouill\u00e9 son domicile de fond en comble, il lui aurait r\u00e9clam\u00e9 50.000 euros, persuad\u00e9 que l\u2019influenceuse poss\u00e9dait du liquide chez elle. Soraya Riffy lui aurait alors propos\u00e9 de prendre sa voiture dans laquelle se trouvait son portefeuille. L\u2019homme accepte, non sans la menacer de la tuer si son portefeuille n\u2019est pas sur place. Avant de partir, il asperge la jeune femme d\u2019eau de javel et de produits m\u00e9nagers.<\/p>\n<p>Soraya Riffy parvient rapidement \u00e0 se lib\u00e9rer d\u2019une partie de ses liens gr\u00e2ce notamment aux produits qui ont d\u00e9tendu le scotch. Elle se r\u00e9fugie chez un voisin qui appelle imm\u00e9diatement les secours et l\u2019aide \u00e0 se d\u00e9faire de ses derniers baillons. \u00ab\u00a0Ma cliente souffre de plusieurs fractures, notamment au nez et aux pommettes, elle est couverte d\u2019h\u00e9matomes et de griffures\u00a0\u00bb, pr\u00e9cise son conseil. En avril d\u00e9j\u00e0, elle avait eu le nez fractur\u00e9 au cours d\u2019une agression au sc\u00e9nario bien diff\u00e9rent\u00a0: alors qu\u2019elle exer\u00e7ait son m\u00e9tier d\u2019infirmi\u00e8re, un accrochage avec une voisine a violemment d\u00e9g\u00e9n\u00e9r\u00e9. \u00ab\u00a0A priori, on ne voit pas de lien direct entre ces deux affaires\u00a0\u00bb, poursuit son avocat.<\/p>\n<p>Le pr\u00e9judice n\u2019a pas encore \u00e9t\u00e9 parfaitement consolid\u00e9 mais elle a constat\u00e9 la disparition d\u2019une montre Rolex, d\u2019un bracelet Cartier, de sacs de contrefa\u00e7on ainsi que ses cl\u00e9s de voiture et d\u2019appartement. En revanche, le v\u00e9hicule a \u00e9t\u00e9 ouvert mais se trouvait toujours sur le parking.<\/p>\n","protected":false},"excerpt":{"rendered":"Les images de son visage ensanglant\u00e9 et tum\u00e9fi\u00e9 refl\u00e8tent la violence de l\u2019agression. Vendredi soir, l\u2019influenceuse Soraya Riffy&hellip;\n","protected":false},"author":2,"featured_media":231143,"comment_status":"","ping_status":"","sticky":false,"template":"","format":"standard","meta":{"footnotes":""},"categories":[2],"tags":[47,11,118,7505,1011,27,9816,2438,12,25,809],"class_list":{"0":"post-231142","1":"post","2":"type-post","3":"status-publish","4":"format-standard","5":"has-post-thumbnail","7":"category-actualites","8":"tag-actualite","9":"tag-actualites","10":"tag-faits-divers","11":"tag-faits-divers-marseille","12":"tag-fr","13":"tag-france","14":"tag-home-jacking","15":"tag-influenceur","16":"tag-news","17":"tag-republique-francaise","18":"tag-violence"},"share_on_mastodon":{"url":"https:\/\/pubeurope.com\/@fr\/114808050573805211","error":""},"_links":{"self":[{"href":"https:\/\/www.europesays.com\/fr\/wp-json\/wp\/v2\/posts\/231142","targetHints":{"allow":["GET"]}}],"collection":[{"href":"https:\/\/www.europesays.com\/fr\/wp-json\/wp\/v2\/posts"}],"about":[{"href":"https:\/\/www.europesays.com\/fr\/wp-json\/wp\/v2\/types\/post"}],"author":[{"embeddable":true,"href":"https:\/\/www.europesays.com\/fr\/wp-json\/wp\/v2\/users\/2"}],"replies":[{"embeddable":true,"href":"https:\/\/www.europesays.com\/fr\/wp-json\/wp\/v2\/comments?post=231142"}],"version-history":[{"count":0,"href":"https:\/\/www.europesays.com\/fr\/wp-json\/wp\/v2\/posts\/231142\/revisions"}],"wp:featuredmedia":[{"embeddable":true,"href":"https:\/\/www.europesays.com\/fr\/wp-json\/wp\/v2\/media\/231143"}],"wp:attachment":[{"href":"https:\/\/www.europesays.com\/fr\/wp-json\/wp\/v2\/media?parent=231142"}],"wp:term":[{"taxonomy":"category","embeddable":true,"href":"https:\/\/www.europesays.com\/fr\/wp-json\/wp\/v2\/categories?post=231142"},{"taxonomy":"post_tag","embeddable":true,"href":"https:\/\/www.europesays.com\/fr\/wp-json\/wp\/v2\/tags?post=231142"}],"curies":[{"name":"wp","href":"https:\/\/api.w.org\/{rel}","templated":true}]}}