{"id":231147,"date":"2025-07-06T19:58:12","date_gmt":"2025-07-06T19:58:12","guid":{"rendered":"https:\/\/www.europesays.com\/fr\/231147\/"},"modified":"2025-07-06T19:58:12","modified_gmt":"2025-07-06T19:58:12","slug":"daniel-brown-soffre-un-deuxieme-titre-frederic-lacroix-7e-lequipe","status":"publish","type":"post","link":"https:\/\/www.europesays.com\/fr\/231147\/","title":{"rendered":"Daniel Brown s&#039;offre un deuxi\u00e8me titre, Fr\u00e9d\u00e9ric Lacroix 7e &#8211; L&#039;\u00c9quipe"},"content":{"rendered":"<ol>\n<li><a href=\"https:\/\/news.google.com\/rss\/articles\/CBMiqAFBVV95cUxQazR1X1paNDhPRmNQaHY2RUpHWDJLY0NNTk02WURkNXprZVZQMlhTTE83Y2tIY3F4TzNPTGNVS0ZmRkRidFY4LThKUFlGZGRLMFZUUVdsNXVoaFcxVThjRjBXcHpPWUdJbFJkaFp6RUsxdkxTeWhPckJwNHVCM0hMeEM3Q2tadkVCRWVPWl9rWGRyWUFFQzhUSnBPNHRDYXc5VFg1UktJNEo?oc=5\" target=\"_blank\" rel=\"nofollow noopener\">Daniel Brown s&rsquo;offre un deuxi\u00e8me titre, Fr\u00e9d\u00e9ric Lacroix 7e<\/a>&nbsp;&nbsp;L&rsquo;\u00c9quipe<\/li>\n<li><a href=\"https:\/\/news.google.com\/rss\/articles\/CBMinwFBVV95cUxQaFE4Z0pDY0lLRlZwQlFpVXYtQ05fRTYtVlVIX1BqR2Q1QXFxNWVwRElFdkFVbVN0aXpocEcxUTgwUGw4U21MNEQ4VjV3NmpYdWRIQUxQb3VQMThXZy1ENktNcmE3SDRfMzFhNHZXanNiTy1JODZIZzdNVjgtQTNEYWQ3SW0yektLSEZUQVhDWmswTmNUbE1Mck10N3ZPckU?oc=5\" target=\"_blank\" rel=\"nofollow noopener\">BMW International Open : Lacroix termine 7e<\/a>&nbsp;&nbsp;F\u00e9d\u00e9ration Fran\u00e7aise de Golf<\/li>\n<li><a href=\"https:\/\/news.google.com\/rss\/articles\/CBMijAJBVV95cUxPLV94WFBlRi1JT2lWeGpsNFM0OWVuNGNaTUxBOVIydHNFU2pBQnlFN2ZBUGdiRHFEQUdmT1h1czBaVzQ1N2VlcDNWU0dGV1l0OGdvMGowUE4zaW1HYlRMdlZaU0lCZ2ZwQnR2bWFNTkJkcGlpRXJYXzlBX0l2Ui1HRGhocUM5T3RLUDJqaEhPTVlmczdTRl9uLUVJa0ZtVUNucmV1VzJDdEphaTZFaGpPNjVZZ3ZxV1NwYVJrMEx0dlljbHd6Um80WEJhc0s4U2pGNUs4R0l5QWRCMjhxY2tvN2tuWFJIMEtSMHFBMVF3YUJhZXlOQnp5SV9NbHkxTHlyaUhIaFUtNVJqMmh1?oc=5\" target=\"_blank\" rel=\"nofollow noopener\">Golf. DPW Tour &#8211; BMW Open: Daniel Brown devant Jordan Smith, Fr\u00e9d\u00e9ric Lacroix est \u00e0 la 7e place<\/a>&nbsp;&nbsp;Ouest-France<\/li>\n<li><a href=\"https:\/\/news.google.com\/rss\/articles\/CBMi4gFBVV95cUxPR2Y0czFybnI2T0J3dFB6WFNWM3NBcDUwRWZKeTZtalJDTzdTdlFwejhHaVRDcnFBeE4zaU1zRFhkWDNUb1g0SkQyYzAycWZoM253QUZRQmlGNVlLNlJRQVBnc1N4UmNJOXNwd1lKTDhXa3hNU2E3X1FLMVJRaWZtc1JrbUFRRHc2cmFXM0R4M1lGbHQ0dUIyckNaOWt1Zlk2dXZoU05yZ29pT2xQNkozUWg4RWNBUUFfRUpvTXAxanVxUmV0emljMEYwelNJT0lZYVRnWTV3bDdmQzVOMk5zZ3J3?oc=5\" target=\"_blank\" rel=\"nofollow noopener\">Davis Bryant s\u2019offre la t\u00eate \u00e0 Munich. Ravetto et Coussaud dans le top 15<\/a>&nbsp;&nbsp;Golf Plan\u00e8te<\/li>\n<li><a href=\"https:\/\/news.google.com\/rss\/articles\/CBMi1gFBVV95cUxNQ3gzdU1aMFlTb2RYRF9TMHVETzFUeERhYTJJT1l0ZzRxMkxNRFFXREhjeXFicHR6clR3aFkwU19IX2ZrX3ZZVlJ5dDVacnNwS3BUaTlFWTNvMFhFMGV1OHp0aHFkYUlyNVgzUktlcElZbnY0R1JzVllvNWVmZTNWbE11bUdqa1lrWktwMk9FeVNsZFktLXM0ZDlvLXhLR1dPNlB0WUw0c1Q4VGt6eUQ3NVVvc0gzZ2N3dHRJWDZDUFhJbHQ5R3hmTEFOcVFsc1RpMnhVRXRn?oc=5\" target=\"_blank\" rel=\"nofollow noopener\">Ugo Coussaud en t\u00eate apr\u00e8s le premier tour du BMW International Open de Munich<\/a>&nbsp;&nbsp;MSN<\/li>\n<\/ol>\n","protected":false},"excerpt":{"rendered":"Daniel Brown s&rsquo;offre un deuxi\u00e8me titre, Fr\u00e9d\u00e9ric Lacroix 7e&nbsp;&nbsp;L&rsquo;\u00c9quipe BMW International Open : Lacroix termine 7e&nbsp;&nbsp;F\u00e9d\u00e9ration Fran\u00e7aise de&hellip;\n","protected":false},"author":2,"featured_media":231148,"comment_status":"","ping_status":"","sticky":false,"template":"","format":"standard","meta":{"footnotes":""},"categories":[1418],"tags":[1011,27,1472,60],"class_list":{"0":"post-231147","1":"post","2":"type-post","3":"status-publish","4":"format-standard","5":"has-post-thumbnail","7":"category-golf","8":"tag-fr","9":"tag-france","10":"tag-golf","11":"tag-sports"},"share_on_mastodon":{"url":"https:\/\/pubeurope.com\/@fr\/114808062157552020","error":""},"_links":{"self":[{"href":"https:\/\/www.europesays.com\/fr\/wp-json\/wp\/v2\/posts\/231147","targetHints":{"allow":["GET"]}}],"collection":[{"href":"https:\/\/www.europesays.com\/fr\/wp-json\/wp\/v2\/posts"}],"about":[{"href":"https:\/\/www.europesays.com\/fr\/wp-json\/wp\/v2\/types\/post"}],"author":[{"embeddable":true,"href":"https:\/\/www.europesays.com\/fr\/wp-json\/wp\/v2\/users\/2"}],"replies":[{"embeddable":true,"href":"https:\/\/www.europesays.com\/fr\/wp-json\/wp\/v2\/comments?post=231147"}],"version-history":[{"count":0,"href":"https:\/\/www.europesays.com\/fr\/wp-json\/wp\/v2\/posts\/231147\/revisions"}],"wp:featuredmedia":[{"embeddable":true,"href":"https:\/\/www.europesays.com\/fr\/wp-json\/wp\/v2\/media\/231148"}],"wp:attachment":[{"href":"https:\/\/www.europesays.com\/fr\/wp-json\/wp\/v2\/media?parent=231147"}],"wp:term":[{"taxonomy":"category","embeddable":true,"href":"https:\/\/www.europesays.com\/fr\/wp-json\/wp\/v2\/categories?post=231147"},{"taxonomy":"post_tag","embeddable":true,"href":"https:\/\/www.europesays.com\/fr\/wp-json\/wp\/v2\/tags?post=231147"}],"curies":[{"name":"wp","href":"https:\/\/api.w.org\/{rel}","templated":true}]}}