{"id":231149,"date":"2025-07-06T20:00:10","date_gmt":"2025-07-06T20:00:10","guid":{"rendered":"https:\/\/www.europesays.com\/fr\/231149\/"},"modified":"2025-07-06T20:00:10","modified_gmt":"2025-07-06T20:00:10","slug":"jeremy-sinzelle-fait-partie-des-meilleurs-centres-du-top-14","status":"publish","type":"post","link":"https:\/\/www.europesays.com\/fr\/231149\/","title":{"rendered":"J\u00e9r\u00e9my Sinzelle fait partie des meilleurs centres du Top 14 !"},"content":{"rendered":"<p>Ce dimanche soir, Midi Olympique d\u00e9voile dans son \u00e9dition du Midol Rouge le Top 10 des meilleurs centres du Top 14 20124-2025.<\/p>\n<p>Auteur d\u2019une saison remarquable, le centre Bayonnais Sireli Maqala occupe la premi\u00e8re place.<\/p>\n<p>Ce Top 10 qui compte en r\u00e9alit\u00e9 13 joueurs laisse place \u00e0 deux Toulonnais !<\/p>\n<p>Pourtant en difficult\u00e9 sur ce poste avec blessures et contre performances, le XV de la Rade a eu la chance de pouvoir compter sur la paire inamovible J\u00e9r\u00e9my Sinzelle \u2013 Leicester Fainga\u2019anuku. C\u2019est en tout logique qu\u2019ils apparaissent dans ce Top.<\/p>\n<p><strong>Le Top 10 des centres selon Midi Olympique :<\/strong><\/p>\n<ol>\n<li>Sireli Maqala (Bayonne)<\/li>\n<li>Yoram Moefana (UBB)<\/li>\n<li>Pierre-Louis Barassi (Toulouse)<\/li>\n<li>Emilien Gailleton (Pau)<\/li>\n<li>Santiago Chocobares (Toulouse)<\/li>\n<li>Ga\u00ebl Fickou (Racing 92)<\/li>\n<li>Nicolas Depoortere (UBB)<\/li>\n<li>Leicester Fainga\u2019anuku (Toulon)<\/li>\n<li>Jack Goodhue (Castres)<\/li>\n<li>J\u00e9r\u00e9my Sinzelle (Toulon) ; Th\u00e9o Millet (Lyon) ; Joshua Tuisova (Racing 92) ; Manu Tuilagi (Bayonne)<\/li>\n<\/ol>\n","protected":false},"excerpt":{"rendered":"Ce dimanche soir, Midi Olympique d\u00e9voile dans son \u00e9dition du Midol Rouge le Top 10 des meilleurs centres&hellip;\n","protected":false},"author":2,"featured_media":227988,"comment_status":"","ping_status":"","sticky":false,"template":"","format":"standard","meta":{"footnotes":""},"categories":[1416],"tags":[1011,27,479,1468,60],"class_list":{"0":"post-231149","1":"post","2":"type-post","3":"status-publish","4":"format-standard","5":"has-post-thumbnail","7":"category-rugby","8":"tag-fr","9":"tag-france","10":"tag-rugby","11":"tag-rugby-football","12":"tag-sports"},"share_on_mastodon":{"url":"https:\/\/pubeurope.com\/@fr\/114808070136841670","error":""},"_links":{"self":[{"href":"https:\/\/www.europesays.com\/fr\/wp-json\/wp\/v2\/posts\/231149","targetHints":{"allow":["GET"]}}],"collection":[{"href":"https:\/\/www.europesays.com\/fr\/wp-json\/wp\/v2\/posts"}],"about":[{"href":"https:\/\/www.europesays.com\/fr\/wp-json\/wp\/v2\/types\/post"}],"author":[{"embeddable":true,"href":"https:\/\/www.europesays.com\/fr\/wp-json\/wp\/v2\/users\/2"}],"replies":[{"embeddable":true,"href":"https:\/\/www.europesays.com\/fr\/wp-json\/wp\/v2\/comments?post=231149"}],"version-history":[{"count":0,"href":"https:\/\/www.europesays.com\/fr\/wp-json\/wp\/v2\/posts\/231149\/revisions"}],"wp:featuredmedia":[{"embeddable":true,"href":"https:\/\/www.europesays.com\/fr\/wp-json\/wp\/v2\/media\/227988"}],"wp:attachment":[{"href":"https:\/\/www.europesays.com\/fr\/wp-json\/wp\/v2\/media?parent=231149"}],"wp:term":[{"taxonomy":"category","embeddable":true,"href":"https:\/\/www.europesays.com\/fr\/wp-json\/wp\/v2\/categories?post=231149"},{"taxonomy":"post_tag","embeddable":true,"href":"https:\/\/www.europesays.com\/fr\/wp-json\/wp\/v2\/tags?post=231149"}],"curies":[{"name":"wp","href":"https:\/\/api.w.org\/{rel}","templated":true}]}}