{"id":231154,"date":"2025-07-06T20:04:09","date_gmt":"2025-07-06T20:04:09","guid":{"rendered":"https:\/\/www.europesays.com\/fr\/231154\/"},"modified":"2025-07-06T20:04:09","modified_gmt":"2025-07-06T20:04:09","slug":"je-suis-tres-fier-de-toute-lequipe-savoure-gasly-etonnant-6e-a-silverstone","status":"publish","type":"post","link":"https:\/\/www.europesays.com\/fr\/231154\/","title":{"rendered":"\u00abJe suis tr\u00e8s fier de toute l\u2019\u00e9quipe\u00bb, savoure Gasly, \u00e9tonnant 6e \u00e0 Silverstone"},"content":{"rendered":"<p>Dans des conditions difficiles en Grande-Bretagne, le Fran\u00e7ais Pierre Gasly s\u2019est r\u00e9joui d\u2019un \u00abjour parfait\u00bb pour lui et son \u00e9curie Alpine.<\/p>\n<p class=\"fig-paragraph\">Pierre Gasly a le sourire.\u00a0<a href=\"http:\/\/www.lefigaro.fr\/sports\/formule-1\/formule-1-le-podium-d-hulkenberg-mercedes-hors-du-coup-les-tops-et-les-flops-du-gp-de-grande-bretagne-20250706\" target=\"_blank\" data-fig-type=\"NewsFlash\" rel=\"noopener\" data-gtm-custom-categorie=\"navigation\" data-gtm-custom-action=\"crossclick\" data-gtm-custom-label=\"Contextuel\" data-gtm-event=\"customEventSPE\" data-fig-domain=\"LEFIGARO\">Le Fran\u00e7ais n&rsquo;aurait pu r\u00eaver meilleure journ\u00e9e<\/a>\u00a0en terminant sixi\u00e8me dimanche\u00a0<a href=\"http:\/\/www.lefigaro.fr\/sports\/formule-1\/f1-norris-et-mclaren-deroulent-en-grande-bretagne-premier-podium-pour-hulkenberg-20250706\" target=\"_blank\" data-fig-type=\"NewsFlash\" rel=\"noopener\" data-gtm-custom-categorie=\"navigation\" data-gtm-custom-action=\"crossclick\" data-gtm-custom-label=\"Contextuel\" data-gtm-event=\"customEventSPE\" data-fig-domain=\"LEFIGARO\">du Grand Prix de Grande-Bretagne<\/a>, 12e manche (sur 24) d&rsquo;une saison de Formule 1 difficile pour son \u00e9curie Alpine, derni\u00e8re au classement constructeurs.<\/p>\n<p class=\"fig-paragraph\">\u00ab\u00catre sixi\u00e8me au d\u00e9but du week-end, personne n&rsquo;aurait jamais imagin\u00e9 que nous puissions \u00eatre dans une telle position\u00bb, a r\u00e9agi le Normand de 29 ans \u00e0 l&rsquo;issue d&rsquo;une course rythm\u00e9e par la pluie, qui a rendu les conditions de pistes d\u00e9licates et les choix strat\u00e9giques cruciaux. \u00abEn me battant avec Max (Verstappen, 5e du GP NDLR) \u00e0 la fin, qui \u00e9tait en pole hier (samedi), \u00e0 un moment donn\u00e9, je me suis demand\u00e9 ce qui se passait dans ma course\u00bb, a-t-il encore savour\u00e9 devant la presse pr\u00e9sente sur le trac\u00e9 de Silverstone.<\/p>\n<p>                                    <a class=\"fig-a11y-skip a11y-hidden\" href=\"#fig-a11y-skip-main-inarticle\"><br \/>\n        Passer la publicit\u00e9<br \/>\n    <\/a><\/p>\n<p class=\"fig-paragraph\">Et de saluer: \u00abnous avons pris un risque, mais le bon, et tous les appels aux stands \u00e9taient bons, la strat\u00e9gie \u00e9tait excellente, les arr\u00eats aux stands \u00e9taient bons, nous avons tir\u00e9 le meilleur parti de tout cela\u00bb. La veille, Gasly, qui \u00e9tait en d\u00e9licatesse avec son Alpine lors des essais libres, semblait avoir d\u00e9j\u00e0 retrouv\u00e9 un regain de performance\u00a0: qualifi\u00e9 10e, le Fran\u00e7ais s&rsquo;est \u00e9lanc\u00e9 8e sur la grille \u00e0 la faveur de plusieurs p\u00e9nalit\u00e9s inflig\u00e9es \u00e0 ses concurrents.<\/p>\n<p>\u00abC\u2019est un jour parfait\u00bb<\/p>\n<p class=\"fig-paragraph\">\u00abJ&rsquo;ai r\u00e9ussi \u00e0 d\u00e9fendre ma position au bon moment (&#8230;), au final, je suis tr\u00e8s fier de toute l&rsquo;\u00e9quipe, car cette ann\u00e9e est tr\u00e8s d\u00e9licate pour tout le monde. Nous savons que la voiture n&rsquo;est pas l\u00e0 o\u00f9 nous voudrions qu&rsquo;elle soit mais chaque jour, nous faisons de notre mieux\u00bb, a-t-il reconnu. \u00abNous avons vraiment montr\u00e9 que nous \u00e9tions capables d&rsquo;\u00eatre performants et de tirer le meilleur des opportunit\u00e9s qui se pr\u00e9sentent \u00e0 nous (&#8230;), ce n&rsquo;\u00e9tait pas facile, il y avait beaucoup de pi\u00e8ges, mais nous avons r\u00e9ussi \u00e0 tous les \u00e9viter et au final, c&rsquo;est un jour parfait pour nous qui se termine\u00bb.<\/p>\n<p class=\"fig-paragraph\">Si le Fran\u00e7ais a offert une incroyable r\u00e9sistance dans des conditions cauchemardesques, offrant \u00e0 l&rsquo;\u00e9quipe son meilleur r\u00e9sultat cette saison, Alpine reste cependant derni\u00e8re du classement constructeurs. Son co\u00e9quipier argentin Franco Colapinto n&rsquo;a pas pris le d\u00e9part de la course, la faute \u00e0 un probl\u00e8me m\u00e9canique.<\/p>\n<p class=\"fig-paragraph\">La course a \u00e9t\u00e9 remport\u00e9e par le Britannique Lando Norris, qui s&rsquo;est impos\u00e9 devant son co\u00e9quipier australien Oscar Piastri, toujours leader au championnat pilotes, et\u00a0<a href=\"http:\/\/www.lefigaro.fr\/sports\/formule-1\/formule-1-le-podium-d-hulkenberg-mercedes-hors-du-coup-les-tops-et-les-flops-du-gp-de-grande-bretagne-20250706\" target=\"_blank\" data-fig-type=\"NewsFlash\" rel=\"noopener\" data-gtm-custom-categorie=\"navigation\" data-gtm-custom-action=\"crossclick\" data-gtm-custom-label=\"Contextuel\" data-gtm-event=\"customEventSPE\" data-fig-domain=\"LEFIGARO\">l&rsquo;Allemand Nico H\u00fclkenberg (Sauber),<\/a>\u00a0qui d\u00e9croche \u00e0 37 ans et apr\u00e8s 239 GP, son premier podium dans l&rsquo;\u00e9lite.<\/p>\n","protected":false},"excerpt":{"rendered":"Dans des conditions difficiles en Grande-Bretagne, le Fran\u00e7ais Pierre Gasly s\u2019est r\u00e9joui d\u2019un \u00abjour parfait\u00bb pour lui et&hellip;\n","protected":false},"author":2,"featured_media":231155,"comment_status":"","ping_status":"","sticky":false,"template":"","format":"standard","meta":{"footnotes":""},"categories":[1412],"tags":[1451,1452,1453,1454,1455,1011,27,2248,60],"class_list":{"0":"post-231154","1":"post","2":"type-post","3":"status-publish","4":"format-standard","5":"has-post-thumbnail","7":"category-f1","8":"tag-f1","9":"tag-formula-1","10":"tag-formula1","11":"tag-formule-1","12":"tag-formule1","13":"tag-fr","14":"tag-france","15":"tag-pierre-gasly","16":"tag-sports"},"share_on_mastodon":{"url":"https:\/\/pubeurope.com\/@fr\/114808085789819555","error":""},"_links":{"self":[{"href":"https:\/\/www.europesays.com\/fr\/wp-json\/wp\/v2\/posts\/231154","targetHints":{"allow":["GET"]}}],"collection":[{"href":"https:\/\/www.europesays.com\/fr\/wp-json\/wp\/v2\/posts"}],"about":[{"href":"https:\/\/www.europesays.com\/fr\/wp-json\/wp\/v2\/types\/post"}],"author":[{"embeddable":true,"href":"https:\/\/www.europesays.com\/fr\/wp-json\/wp\/v2\/users\/2"}],"replies":[{"embeddable":true,"href":"https:\/\/www.europesays.com\/fr\/wp-json\/wp\/v2\/comments?post=231154"}],"version-history":[{"count":0,"href":"https:\/\/www.europesays.com\/fr\/wp-json\/wp\/v2\/posts\/231154\/revisions"}],"wp:featuredmedia":[{"embeddable":true,"href":"https:\/\/www.europesays.com\/fr\/wp-json\/wp\/v2\/media\/231155"}],"wp:attachment":[{"href":"https:\/\/www.europesays.com\/fr\/wp-json\/wp\/v2\/media?parent=231154"}],"wp:term":[{"taxonomy":"category","embeddable":true,"href":"https:\/\/www.europesays.com\/fr\/wp-json\/wp\/v2\/categories?post=231154"},{"taxonomy":"post_tag","embeddable":true,"href":"https:\/\/www.europesays.com\/fr\/wp-json\/wp\/v2\/tags?post=231154"}],"curies":[{"name":"wp","href":"https:\/\/api.w.org\/{rel}","templated":true}]}}