{"id":231162,"date":"2025-07-06T20:08:19","date_gmt":"2025-07-06T20:08:19","guid":{"rendered":"https:\/\/www.europesays.com\/fr\/231162\/"},"modified":"2025-07-06T20:08:19","modified_gmt":"2025-07-06T20:08:19","slug":"jessaie-de-me-surprendre-au-lavandou-pascal-legitimus-expose-ses-photos-et-sa-passion-pour-les-coquillages","status":"publish","type":"post","link":"https:\/\/www.europesays.com\/fr\/231162\/","title":{"rendered":"\u00ab\u00a0J\u2019essaie de me surprendre!\u00a0\u00bb: au Lavandou, Pascal L\u00e9gitimus expose ses photos et sa passion&#8230; pour les coquillages"},"content":{"rendered":"<p>C\u2019est une fascination ancienne de Pascal L\u00e9gitimus, n\u00e9e quand il observait les coquillages sur les plages, vers douze ans. \u00ab\u00a0J\u2019\u00e9tais fascin\u00e9 par leurs couleurs et leurs formes\u00a0\u00bb, raconte l\u2019artiste qui a commenc\u00e9 par composer de petits tableaux avec eux sur le sable. Au contact des vendeurs de coquillages d\u2019\u00eeles lointaines, comme les Seychelles ou les Maldives (une pratique moins tol\u00e9r\u00e9e aujourd\u2019hui), et des conchyliologues, Pascal L\u00e9gitimus apprend et d\u00e9couvre l\u2019\u00e9tendue et la diversit\u00e9 des mollusques \u00e0 coquilles.<\/p>\n<p>Il constitue progressivement une collection de 250 sp\u00e9cimens puis les photographie en situation avec un appareil argentique, pour son plaisir. Ses amis remarquent alors des tirages chez lui, appr\u00e9cient son travail et l\u2019encouragent \u00e0 poursuivre et \u00e0 exposer. \u00ab\u00a0Sous la demande, j\u2019ai cr\u00e9\u00e9 un concept pour d\u00e9velopper mes photos et les envoyer \u00e0 domicile via un site internet.\u00a0\u00bb Suit une premi\u00e8re exposition en d\u00e9cembre 2023 \u00e0 Roanne (Loire), une exposition dans le Var \u00e0 Six-Four-les-Plages en janvier 2025 ainsi qu\u2019une vente aux ench\u00e8res de trois tableaux \u00e0 Drouot, Pascal L\u00e9gitimus r\u00e9alisant notamment des impressions sur toiles. Et donc, en ce moment, au Lavandou.<\/p>\n<p>\u00ab\u00a0L\u00e0, c\u2019est moi qui cr\u00e9e l\u2019\u0153uvre\u00a0\u00bb<\/p>\n<p>Au d\u00e9part, il s\u2019agit d\u2019une passion, non d\u2019un travail. Pour l\u2019artiste et acteur, que l\u2019on a connu humoriste avec les sketchs des Inconnus ou \u00e0 travers la cam\u00e9ra, cette d\u00e9marche est assez personnelle. \u00ab\u00a0Quand je joue une pi\u00e8ce de th\u00e9\u00e2tre, un film ou un t\u00e9l\u00e9film, on m\u2019apporte une \u0153uvre et je l\u2019interpr\u00e8te. L\u00e0, c\u2019est moi qui cr\u00e9e l\u2019\u0153uvre et ensuite il y a un partage, c\u2019est le syst\u00e8me inverse.\u00a0\u00bb<\/p>\n<p>Le photographe met en sc\u00e8ne les coquillages en utilisant la diversit\u00e9 des saisons pour cr\u00e9er des d\u00e9cors parfois abstraits, qui forment des aplats color\u00e9s en relation ou en opposition avec la vari\u00e9t\u00e9 des tons des sp\u00e9cimens qui l\u2019int\u00e9ressent. Les couleurs sont satur\u00e9es, mettant en relief l\u2019aspect graphique des coquillages. Pour composer des d\u00e9cors textur\u00e9s, Pascal L\u00e9gitimus porte aussi son attention sur des mati\u00e8res insolites, comme les chutes cotonneuses d\u2019un peuplier ou la surface givr\u00e9e d\u2019une poubelle, mu\u00e9e en formes vertes, brunes et bulleuses&#8230;<\/p>\n<p>De nombreux projets \u00e0 venir<\/p>\n<p>Cette exposition photographique autour des coquillages est loin d\u2019\u00eatre la derni\u00e8re: une autre est pr\u00e9vue dans une galerie \u00e0 S\u00e8te en septembre. Ensuite, les photographies voyageront dans de nombreuses villes c\u00f4ti\u00e8res: Deauville, Toulouse, La Rochelle&#8230; Et \u00e7a ne sera pas le seul projet de l\u2019artiste.<\/p>\n<p>Cin\u00e9ma, th\u00e9\u00e2tre, livre, Pascal L\u00e9gitimus aime tout. Il incarne m\u00eame l\u2019inspecteur Slimane dans un roman photo du r\u00e9alisateur Antonin Peretjatko. Publi\u00e9e le 23 mai (Seuil), cette enqu\u00eate polici\u00e8re \u00e0 la Blake et Mortimer tente de r\u00e9soudre une affaire de cambriolage dans un mus\u00e9e de vieilles cro\u00fbtes&#8230; \u00ab\u00a0J\u2019essaye de me surprendre ou d\u2019\u00eatre pr\u00e9sent, de ne pas m\u2019enfoncer dans une routine d\u2019acteur\u00a0\u00bb, glisse-t-il.<\/p>\n<p>L\u2019ann\u00e9e prochaine, il voudrait r\u00e9aliser un film. Avant cela, il continuera de jouer dans Duplex, une com\u00e9die mise en sc\u00e8ne par Didier Caron, en tourn\u00e9e pour 55 dates. Il joue aussi dans un nouveau film d\u2019Antonin Peretjatko et a pr\u00e9fac\u00e9 le livre La bible des inconnus, tous deux attendus pour octobre. On le verra aussi dans Le B\u00e9mol, une pi\u00e8ce de th\u00e9\u00e2tre enregistr\u00e9e par France T\u00e9l\u00e9vision et diffus\u00e9e d\u2019ici la fin de l\u2019ann\u00e9e.<\/p>\n<p>Exposition visible sur la promenade du bord de mer, au Lavandou.<\/p>\n<p>\u00ab\u00a0Cette r\u00e9gion est devenue importante pour moi\u00a0\u00bb<\/p>\n<p>Famillier de la r\u00e9gion, Pacal L\u00e9gitimus y entretient par ailleurs un rapport particulier. Alors qu\u2019il est atteint d\u2019une maladie des os \u00e0 l\u2019\u00e2ge de deux ans, ses parents l\u2019envoie \u00e0 l\u2019h\u00f4pital San Salvadour \u00e0 Hy\u00e8res. Il y reste jusqu\u2019\u00e0 ses quatre ans. \u00ab\u00a0J\u2019\u00e9tais tout seul dans un lit face au soleil, se souvient-il. Je n\u2019ai pas beaucoup parl\u00e9, mais j\u2019ai observ\u00e9. Mon activit\u00e9 de com\u00e9dien vient aussi de \u00e7a, du fait d\u2019observer les gens et reproduire ce que je vois.\u00a0\u00bb Son p\u00e8re a ensuite \u00e9t\u00e9 annimateur d\u2019un village de vacances pr\u00e8s de la Presqu\u2019\u00eele de Giens. Pendant quatre ans, la famille vit \u00e0 La Capte \u00e0 Hy\u00e8res. \u00ab\u00a0Progressivement, cette r\u00e9gion est devenue assez importante pour moi. Avec Les Inconnus, nous y sommes aussi all\u00e9s en vacances pour r\u00e9fl\u00e9chir&#8230;\u00a0\u00bb<\/p>\n","protected":false},"excerpt":{"rendered":"C\u2019est une fascination ancienne de Pascal L\u00e9gitimus, n\u00e9e quand il observait les coquillages sur les plages, vers douze&hellip;\n","protected":false},"author":2,"featured_media":231163,"comment_status":"","ping_status":"","sticky":false,"template":"","format":"standard","meta":{"footnotes":""},"categories":[1358],"tags":[1348,1384,1385,251,1386,58,59,8202,1011,27,973],"class_list":{"0":"post-231162","1":"post","2":"type-post","3":"status-publish","4":"format-standard","5":"has-post-thumbnail","7":"category-arts-et-design","8":"tag-arts","9":"tag-arts-and-design","10":"tag-arts-et-design","11":"tag-culture","12":"tag-design","13":"tag-divertissement","14":"tag-entertainment","15":"tag-expos","16":"tag-fr","17":"tag-france","18":"tag-people"},"share_on_mastodon":{"url":"https:\/\/pubeurope.com\/@fr\/114808101478189861","error":""},"_links":{"self":[{"href":"https:\/\/www.europesays.com\/fr\/wp-json\/wp\/v2\/posts\/231162","targetHints":{"allow":["GET"]}}],"collection":[{"href":"https:\/\/www.europesays.com\/fr\/wp-json\/wp\/v2\/posts"}],"about":[{"href":"https:\/\/www.europesays.com\/fr\/wp-json\/wp\/v2\/types\/post"}],"author":[{"embeddable":true,"href":"https:\/\/www.europesays.com\/fr\/wp-json\/wp\/v2\/users\/2"}],"replies":[{"embeddable":true,"href":"https:\/\/www.europesays.com\/fr\/wp-json\/wp\/v2\/comments?post=231162"}],"version-history":[{"count":0,"href":"https:\/\/www.europesays.com\/fr\/wp-json\/wp\/v2\/posts\/231162\/revisions"}],"wp:featuredmedia":[{"embeddable":true,"href":"https:\/\/www.europesays.com\/fr\/wp-json\/wp\/v2\/media\/231163"}],"wp:attachment":[{"href":"https:\/\/www.europesays.com\/fr\/wp-json\/wp\/v2\/media?parent=231162"}],"wp:term":[{"taxonomy":"category","embeddable":true,"href":"https:\/\/www.europesays.com\/fr\/wp-json\/wp\/v2\/categories?post=231162"},{"taxonomy":"post_tag","embeddable":true,"href":"https:\/\/www.europesays.com\/fr\/wp-json\/wp\/v2\/tags?post=231162"}],"curies":[{"name":"wp","href":"https:\/\/api.w.org\/{rel}","templated":true}]}}