{"id":231173,"date":"2025-07-06T20:15:12","date_gmt":"2025-07-06T20:15:12","guid":{"rendered":"https:\/\/www.europesays.com\/fr\/231173\/"},"modified":"2025-07-06T20:15:12","modified_gmt":"2025-07-06T20:15:12","slug":"elodie-gossuin-fait-une-annonce-exceptionnelle-concernant-ses-jumeaux-rose-et-jules-brillants-a-lecole","status":"publish","type":"post","link":"https:\/\/www.europesays.com\/fr\/231173\/","title":{"rendered":"\u00c9lodie Gossuin fait une annonce exceptionnelle concernant ses jumeaux Rose et Jules, brillants \u00e0 l&rsquo;\u00e9cole"},"content":{"rendered":"<p>      R\u00e9sum\u00e9<\/p>\n<p>\u00c9lodie Gossuin c\u00e9l\u00e8bre la r\u00e9ussite scolaire de ses jumeaux Rose et Jules, fi\u00e8re de leurs r\u00e9sultats au bac et de leur entr\u00e9e dans la vie \u00e9tudiante.<\/p>\n<p>        Sommaire<\/p>\n<p>Pour <a href=\"https:\/\/www.public.fr\/je-veux-retrouver-mes-bebes-elodie-gossuin-a-letranger-et-plus-bouleversee-que-jamais-grosse-crise-de-larmes-dans-lavion\" rel=\"nofollow noopener\" target=\"_blank\">l\u2019ancienne Miss France 2001<\/a>, le 4 juillet a rim\u00e9 avec d\u00e9livrance. Apr\u00e8s des semaines d&rsquo;angoisse, la femme de Bertrand Lacherie a enfin pu souffler. Mais derri\u00e8re la fiert\u00e9, se profile d\u00e9j\u00e0 une nouvelle \u00e9preuve pour cette maman louve de quatre enfants.<\/p>\n<p>\u00c9lodie Gossuin aux anges et fi\u00e8re de ses jumeaux<\/p>\n<p>Une fiert\u00e9 XXL pour la maman de Rose et Jules, d\u00e9sormais reconvertie en animatrice. Et il y a une excellente raison \u00e0 cela. Ces derniers mois, elle n\u2019avait cess\u00e9 de partager ses montagnes russes \u00e9motionnelles sur les r\u00e9seaux sociaux, confessant notamment que <strong>ce mois de juin avait \u00e9t\u00e9 un v\u00e9ritable marathon<\/strong>.<\/p>\n<p>Elle \u00e9crivait r\u00e9cemment : \u00ab\u00a0Hier encore la maternelle, aujourd\u2019hui le bac\u2026 Je suis tellement plus stress\u00e9e qu\u2019eux et tellement fi\u00e8re\u00a0\u00bb. Un r\u00e9cit que beaucoup de parents de lyc\u00e9ens reconna\u00eetront avec un petit sourire complice. Aujourd&rsquo;hui plus d\u00e9tendue et euphorique, <a href=\"https:\/\/www.public.fr\/elodie-gossuin-et-bertrand-lacherie-completement-fous-leur-dernier-defi-de-couple-fallait-oser\" rel=\"nofollow noopener\" target=\"_blank\">l&rsquo;ex-reine de beaut\u00e9 <\/a>a rendu un <strong>hommage touchant \u00e0 ses b\u00e9b\u00e9s<\/strong> avec ses quelques mots : \u00ab\u00a0Si fi\u00e8re de vous. Pour tout ce que vous \u00eates et direction le bal de promo, en robe de Miss France\u00a0\u00bb.<\/p>\n<p>Un message qui n&rsquo;a pas manqu\u00e9 de faire r\u00e9agir ses nombreux followers : \u00ab\u00a0Omg incroyable !!! Ils ont tellement grandi!!! Time flies\u00a0\u00bb ou encore \u00ab\u00a0Bravo bac en poche \u00e9galement pour ma fille, ils sont beaux vos enfants\u00a0\u00bb, a-t-on pu lire dans les commentaires. Il faut dire que <strong>les deux adolescents ont obtenu leur baccalaur\u00e9at avec mention bien !<\/strong> Mais tandis que la famille est en joie, il faut d\u00e9j\u00e0 penser \u00e0 l&rsquo;avenir&#8230;<\/p>\n<p>Pour f\u00eater dignement cette r\u00e9ussite, Jules et Rose ont pris part \u00e0 leur bal de promo, dans des tenues aussi \u00e9l\u00e9gantes que charg\u00e9es de symboles. Jules, 17 ans, est apparu en smoking noir et n\u0153ud papillon bordeaux, l\u2019air d\u00e9j\u00e0 pr\u00eat pour un d\u00eener de gala.<\/p>\n<p>Mais la star de la soir\u00e9e, c\u2019\u00e9tait Rose : <strong>elle portait la robe bustier blanche que sa m\u00e8re avait port\u00e9e, lors de son sacre Miss France en 2001<\/strong>. Autant dire que l\u2019\u00e9motion \u00e9tait palpable. Ce clin d\u2019\u0153il familial, entre fiert\u00e9 maternelle et transmission symbolique, a d&rsquo;ailleurs fait fondre les internautes. Une page se tourne et bient\u00f4t le syndrome du nid vide pour <a href=\"https:\/\/www.public.fr\/elodie-gossuin-separee-de-ses-enfants-et-face-a-sa-plus-grande-phobie-cest-super-dur\" rel=\"nofollow noopener\" target=\"_blank\">\u00c9lodie Gossuin<\/a>.<\/p>\n<p>En effet, Rose s\u2019oriente vers un parcours STAPS en banlieue parisienne, tandis que Jules rejoint une \u00e9cole de commerce \u00e0 Reims. Un cap redout\u00e9 par leur maman, qui avoue dans un \u00e9lan de sinc\u00e9rit\u00e9 :\u00a0\u00bbM\u00eame si j\u2019ai d\u00e9j\u00e0 boucl\u00e9 leurs inscriptions et r\u00e9serv\u00e9 une chambre dans un campus, je ne veux pas en entendre parler.\u201d<\/p>\n<p>      Mentionn\u00e9s dans cet article<\/p>\n<p>\u00c0 lire aussi<\/p>\n","protected":false},"excerpt":{"rendered":"R\u00e9sum\u00e9 \u00c9lodie Gossuin c\u00e9l\u00e8bre la r\u00e9ussite scolaire de ses jumeaux Rose et Jules, fi\u00e8re de leurs r\u00e9sultats au&hellip;\n","protected":false},"author":2,"featured_media":231174,"comment_status":"","ping_status":"","sticky":false,"template":"","format":"standard","meta":{"footnotes":""},"categories":[8],"tags":[58,16861,59,1011,27],"class_list":{"0":"post-231173","1":"post","2":"type-post","3":"status-publish","4":"format-standard","5":"has-post-thumbnail","7":"category-divertissement","8":"tag-divertissement","9":"tag-elodie-gossuin","10":"tag-entertainment","11":"tag-fr","12":"tag-france"},"share_on_mastodon":{"url":"https:\/\/pubeurope.com\/@fr\/114808129135476438","error":""},"_links":{"self":[{"href":"https:\/\/www.europesays.com\/fr\/wp-json\/wp\/v2\/posts\/231173","targetHints":{"allow":["GET"]}}],"collection":[{"href":"https:\/\/www.europesays.com\/fr\/wp-json\/wp\/v2\/posts"}],"about":[{"href":"https:\/\/www.europesays.com\/fr\/wp-json\/wp\/v2\/types\/post"}],"author":[{"embeddable":true,"href":"https:\/\/www.europesays.com\/fr\/wp-json\/wp\/v2\/users\/2"}],"replies":[{"embeddable":true,"href":"https:\/\/www.europesays.com\/fr\/wp-json\/wp\/v2\/comments?post=231173"}],"version-history":[{"count":0,"href":"https:\/\/www.europesays.com\/fr\/wp-json\/wp\/v2\/posts\/231173\/revisions"}],"wp:featuredmedia":[{"embeddable":true,"href":"https:\/\/www.europesays.com\/fr\/wp-json\/wp\/v2\/media\/231174"}],"wp:attachment":[{"href":"https:\/\/www.europesays.com\/fr\/wp-json\/wp\/v2\/media?parent=231173"}],"wp:term":[{"taxonomy":"category","embeddable":true,"href":"https:\/\/www.europesays.com\/fr\/wp-json\/wp\/v2\/categories?post=231173"},{"taxonomy":"post_tag","embeddable":true,"href":"https:\/\/www.europesays.com\/fr\/wp-json\/wp\/v2\/tags?post=231173"}],"curies":[{"name":"wp","href":"https:\/\/api.w.org\/{rel}","templated":true}]}}