{"id":231175,"date":"2025-07-06T20:16:12","date_gmt":"2025-07-06T20:16:12","guid":{"rendered":"https:\/\/www.europesays.com\/fr\/231175\/"},"modified":"2025-07-06T20:16:12","modified_gmt":"2025-07-06T20:16:12","slug":"charlotte-gainsbourg-et-ses-enfants-reunis-pour-une-folle-destination-cet-ete-jo-a-bien-grandi","status":"publish","type":"post","link":"https:\/\/www.europesays.com\/fr\/231175\/","title":{"rendered":"Charlotte Gainsbourg et ses enfants r\u00e9unis pour une folle destination cet \u00e9t\u00e9, Jo a bien grandi !"},"content":{"rendered":"<p>La suite apr\u00e8s la publicit\u00e9<\/p>\n<p>L\u2019heure des vacances a sonn\u00e9 ! Les \u00e9coliers, coll\u00e9giens, lyc\u00e9ens et \u00e9tudiants fran\u00e7ais sont libres durant quelques semaines et les parents en profitent pour les emmener dans des destinations d\u00e9tente ou loisirs. Pour le clan Gainsbourg, le choix est audacieux pour cet \u00e9t\u00e9 2025. En Story Instagram, <a href=\"https:\/\/www.purepeople.com\/people\/charlotte-gainsbourg_p393\" rel=\"nofollow noopener\" target=\"_blank\">Charlotte Gainsbourg<\/a> et ses enfants ont partag\u00e9 des clich\u00e9s qui donnent <strong>des indices sur leur s\u00e9jour en famille<\/strong>.<\/p>\n<p>La fille de<a href=\"https:\/\/www.purepeople.com\/people\/serge-gainsbourg_p391\" rel=\"nofollow noopener\" target=\"_blank\"> Serge Gainsbourg<\/a> et <a href=\"https:\/\/www.purepeople.com\/people\/jane-birkin_p392\" rel=\"nofollow noopener\" target=\"_blank\">Jane Birkin<\/a> a publi\u00e9 <strong>un selfie sur lequel on la voit poser avec du mat\u00e9riel de plong\u00e9e <\/strong>et des accessoires sign\u00e9s Anthony Vaccarello de Yves Saint Laurent, qu\u2019elle en profite pour remercier. Sur d\u2019autres clich\u00e9s, on peut voir son chien affubl\u00e9 des lunettes et du tuba. Et en l\u00e9gende, on peut lire \u201cSummer begins\u201d, l\u2019\u00e9t\u00e9 d\u00e9marre\u2026 Mais c\u2019est sa prog\u00e9niture qui en montre le plus sur leur lieu de r\u00e9sidence estivale.<\/p>\n<p>Les Gainsbourg choisissent un lieu \u00e9tonnant pour l&rsquo;\u00e9t\u00e9<\/p>\n<p>Son fils a\u00een\u00e9 Ben Attal a en effet d\u00e9voil\u00e9 plusieurs photos en Story Instagram ce dimanche 6 juillet 2025. On y voit une porte o\u00f9 il est marqu\u00e9 en anglais \u201cTu es g\u00e9nial. Passe la meilleure journ\u00e9e qui soit\u201d. Puis on aper\u00e7oit une silhouette en pleine randonn\u00e9e sur une montagne rocheuse noire, un sommet glac\u00e9 \u00e0 l\u2019horizon. <strong>Des images qui laissent penser \u00e0 l&rsquo;Islande<\/strong>, un pays anglophone aux paysages uniques, reconnaissables entre tous. Quelques jours plus t\u00f4t, les voyageurs se posaient \u00e0 Oslo, comme on a pu le d\u00e9couvrir toujours sur les story partag\u00e9es par l&rsquo;a\u00een\u00e9 du clan Attal.<\/p>\n<p>Sa s\u0153ur Alice Attal a aussi partag\u00e9 un autre bon moment du clan Gainsbourg, avec <strong>une photo de leur petite s\u0153ur Jo en \u00e9quilibre sur un tronc d\u2019arbre<\/strong>. Dans un jean ample, avec des \u00e9couteurs aux oreilles et un t\u00e9l\u00e9phone \u00e0 la main, l\u2019adolescente n\u00e9e en 2011 <a href=\"https:\/\/www.purepeople.com\/article\/photos-charlotte-gainsbourg-et-yvan-attal-leur-fille-jo-chevelure-interminable-et-moue-irresistible-de-la-preadolescente_a517086\/1\" rel=\"nofollow noopener\" target=\"_blank\">f\u00eatera bient\u00f4t ses 14 ans<\/a>.<\/p>\n<p>Apr\u00e8s la mort tragique de sa s\u0153ur Kate en 2013, Charlotte Gainsbourg \u00e9tait partie <a href=\"https:\/\/www.purepeople.com\/article\/charlotte-gainsbourg-a-vecu-6-ans-a-new-york-certains-de-ses-enfants-ont-un-regret-sur-cette-parenthese-importante-en-famille_a537149\/1\" rel=\"nofollow noopener\" target=\"_blank\">vivre \u00e0 New York avec sa tribu<\/a>, form\u00e9e avec <a href=\"https:\/\/www.purepeople.com\/people\/yvan-attal_p394\" rel=\"nofollow noopener\" target=\"_blank\">Yvan Attal<\/a>. L\u2019actrice <a href=\"https:\/\/www.purepeople.com\/article\/mauvaise-nouvelle-pour-charlotte-gainsbourg-un-choix-a-ete-fait-sans-quelle-nait-son-mot-a-dire_a539075\/1\" rel=\"nofollow noopener\" target=\"_blank\">\u00e0 l&rsquo;affiche de la s\u00e9rie \u00c9toile sur Prime Video<\/a> \u00e9tait rest\u00e9e aux \u00c9tats-Unis jusqu\u2019en 2020. Dipl\u00f4m\u00e9 en cuisine, Ben Attal a finalement suivi les traces de ses parents <strong>en entamant une carri\u00e8re dans le cin\u00e9ma<\/strong>, apparaissant notamment dans Les Choses humaines, r\u00e9alis\u00e9 par son p\u00e8re en 2021. Mais le jeune homme de 28 ans a pris les <a href=\"https:\/\/www.purepeople.com\/article\/ben-attal-fait-swinguer-lheritage-gainsbourg-en-prenant-les-commandes-dun-lieu-mythique-rue-de-verneuil_a537344\/1\" rel=\"nofollow noopener\" target=\"_blank\">commandes d\u2019un lieu mythique dans le milieu de la gastronomie en 2025<\/a>.<\/p>\n<p>\u00c2g\u00e9e de 22 ans, Alice Attal semble plut\u00f4t <a href=\"https:\/\/www.purepeople.com\/article\/charlotte-gainsbourg-sa-fille-alice-attal-annonce-une-heureuse-nouvelle-pour-2025_a532764\/1\" rel=\"nofollow noopener\" target=\"_blank\">pench\u00e9e vers le milieu de la musique<\/a>, autre talent de famille. Sans surprise, le couple a mis au monde une fratrie d\u2019artistes, mais on ignore encore quel destin choisira la benjamine, <strong>Jo, qui grandit \u00e0 vitesse grand V<\/strong>.\u00a0<\/p>\n","protected":false},"excerpt":{"rendered":"La suite apr\u00e8s la publicit\u00e9 L\u2019heure des vacances a sonn\u00e9 ! Les \u00e9coliers, coll\u00e9giens, lyc\u00e9ens et \u00e9tudiants fran\u00e7ais&hellip;\n","protected":false},"author":2,"featured_media":231176,"comment_status":"","ping_status":"","sticky":false,"template":"","format":"standard","meta":{"footnotes":""},"categories":[7],"tags":[1011,27,43,40,41,39,42,44],"class_list":{"0":"post-231175","1":"post","2":"type-post","3":"status-publish","4":"format-standard","5":"has-post-thumbnail","7":"category-sciences-et-technologies","8":"tag-fr","9":"tag-france","10":"tag-science","11":"tag-science-and-technology","12":"tag-sciences","13":"tag-sciences-et-technologies","14":"tag-technologies","15":"tag-technology"},"share_on_mastodon":{"url":"https:\/\/pubeurope.com\/@fr\/114808133019862661","error":""},"_links":{"self":[{"href":"https:\/\/www.europesays.com\/fr\/wp-json\/wp\/v2\/posts\/231175","targetHints":{"allow":["GET"]}}],"collection":[{"href":"https:\/\/www.europesays.com\/fr\/wp-json\/wp\/v2\/posts"}],"about":[{"href":"https:\/\/www.europesays.com\/fr\/wp-json\/wp\/v2\/types\/post"}],"author":[{"embeddable":true,"href":"https:\/\/www.europesays.com\/fr\/wp-json\/wp\/v2\/users\/2"}],"replies":[{"embeddable":true,"href":"https:\/\/www.europesays.com\/fr\/wp-json\/wp\/v2\/comments?post=231175"}],"version-history":[{"count":0,"href":"https:\/\/www.europesays.com\/fr\/wp-json\/wp\/v2\/posts\/231175\/revisions"}],"wp:featuredmedia":[{"embeddable":true,"href":"https:\/\/www.europesays.com\/fr\/wp-json\/wp\/v2\/media\/231176"}],"wp:attachment":[{"href":"https:\/\/www.europesays.com\/fr\/wp-json\/wp\/v2\/media?parent=231175"}],"wp:term":[{"taxonomy":"category","embeddable":true,"href":"https:\/\/www.europesays.com\/fr\/wp-json\/wp\/v2\/categories?post=231175"},{"taxonomy":"post_tag","embeddable":true,"href":"https:\/\/www.europesays.com\/fr\/wp-json\/wp\/v2\/tags?post=231175"}],"curies":[{"name":"wp","href":"https:\/\/api.w.org\/{rel}","templated":true}]}}