{"id":231177,"date":"2025-07-06T20:17:13","date_gmt":"2025-07-06T20:17:13","guid":{"rendered":"https:\/\/www.europesays.com\/fr\/231177\/"},"modified":"2025-07-06T20:17:13","modified_gmt":"2025-07-06T20:17:13","slug":"le-nouveau-parti-delon-musk-analyse-par-son-biographe","status":"publish","type":"post","link":"https:\/\/www.europesays.com\/fr\/231177\/","title":{"rendered":"le nouveau parti d\u2019Elon Musk analys\u00e9 par son biographe"},"content":{"rendered":"<p>        <img decoding=\"async\" loading=\"lazy\" src=\"https:\/\/www.europesays.com\/fr\/wp-content\/uploads\/2025\/06\/50ad6df_sirius-fs-upload-1-qi0ksuxi066o-1741772370232-savetwitter-net-glzypluwiaamfp2.jpg\"  width=\"728\" height=\"409\" alt=\"Photo montrant Donald Trump et Elon Musk devant un cybertruck tesla \u00e0 la Maison Blanche le 11\u00a0mars 2025.\"\/>  <\/p>\n<p>Maison Blanche<\/p>\n<p>Photo montrant Donald Trump et Elon Musk devant un cybertruck tesla \u00e0 la Maison Blanche le 11\u00a0mars 2025.<\/p>\n<p class=\"asset asset-text\">\u00c9TATS-UNIS &#8211; Bouleversement dans le paysage politique am\u00e9ricain ou coup d\u2019\u00e9p\u00e9e dans l\u2019eau\u00a0? <a href=\"https:\/\/www.huffingtonpost.fr\/international\/video\/donald-trump-se-lache-encore-contre-elon-musk-et-n-exclut-pas-de-l-expulser-des-etats-unis_252068.html\" rel=\"nofollow noopener\" target=\"_blank\">Elon Musk, l\u2019ancien alli\u00e9 de Donald Trump<\/a>, a annonc\u00e9 samedi 5\u00a0juillet son intention de<a href=\"https:\/\/www.huffingtonpost.fr\/international\/article\/elon-musk-lance-son-propre-parti-politique-le-parti-de-l-amerique-face-a-donald-trump_252271.html\" rel=\"nofollow noopener\" target=\"_blank\"> cr\u00e9er sa propre formation politique, le Parti de l\u2019Am\u00e9rique<\/a>.<\/p>\n<p class=\"asset asset-text\">Une annonce qui intervient quelques semaines apr\u00e8s son d\u00e9part du D\u00e9partement \u00e0 l\u2019efficacit\u00e9 gouvernementale (DOGE), o\u00f9 il avait \u00e9t\u00e9 nomm\u00e9 en janvier pour raboter dans les d\u00e9penses de l\u2019administration am\u00e9ricaine. Apr\u00e8s \u00e7a, il s\u2019est livr\u00e9 \u00e0 une v\u00e9ritable guerre m\u00e9diatique avec Donald Trump, sur fond d\u2019opposition \u00e0 la loi budg\u00e9taire port\u00e9e par le pr\u00e9sident am\u00e9ricain.<\/p>\n<p class=\"asset asset-text\">Sans d\u00e9tailler son projet politique, le patron de Tesla a affirm\u00e9 vouloir faire \u00e9merger une alternative aux deux partis am\u00e9ricains\u00a0: r\u00e9publicain et d\u00e9mocrate. Si pour l\u2019heure Donald Trump n\u2019a pas r\u00e9agi \u00e0 cette annonce, cette d\u00e9cision interroge. R\u00e9dacteur en chef du num\u00e9rique chez Sciences et Avenir et auteur du livre Enqu\u00eate sur Elon Musk, l\u2019homme qui d\u00e9fie la science, Olivier Lascar d\u00e9crypte ce nouveau coup d\u2019\u00e9clat de l\u2019homme le plus riche du monde.<\/p>\n<p class=\"asset asset-text\"><strong>Le HuffPost<\/strong><strong>\u00a0: Comment interpr\u00e9ter cette annonce d\u2019Elon Musk\u00a0?<\/strong><\/p>\n<p class=\"asset asset-text\"><strong>Olivier Lascar.<\/strong> Cette annonce est avant tout une vengeance vis-\u00e0-vis de Donald Trump, puisqu\u2019Elon\u00a0Musk consid\u00e8re que son r\u00f4le n\u2019a pas \u00e9t\u00e9 valoris\u00e9 \u00e0 la hauteur de ce qu\u2019il a fait pour le pr\u00e9sident am\u00e9ricain. Avec cette annonce on assiste \u00e0 une forme d\u2019auto-radicalisation du personnage, qui, avec son passage au sein du gouvernement, s\u2019est enivr\u00e9 de la puissance des foules.<\/p>\n<p class=\"asset asset-text\"><strong>En quittant le DOGE, Elon Musk avait pourtant dit vouloir se consacrer \u00e0 ses activit\u00e9s de chef d\u2019entreprise. Comment expliquer ce revirement\u00a0?<\/strong><\/p>\n<p class=\"asset asset-text\">Du point de vue des dommages potentiels sur ses entreprises, cette annonce est en effet surprenante. Pendant ses six mois au DOGE, Tesla a \u00e9t\u00e9 tr\u00e8s touch\u00e9 avec une chute de son action en bourse ou des campagnes anti-Tesla. Avec son engagement politique, Elon Musk, qui a incarn\u00e9 pendant des ann\u00e9es le succ\u00e8s et le caract\u00e8re innovant de Tesla, devient un probl\u00e8me pour l\u2019entreprise.<\/p>\n<p class=\"asset asset-text\">Cela pourrait aussi toucher <a href=\"https:\/\/www.huffingtonpost.fr\/international\/video\/comment-les-satellites-starlink-d-elon-musk-sont-utilises-pour-le-narcotrafic-en-colombie_252162.html\" rel=\"nofollow noopener\" target=\"_blank\">Space X<\/a>, car m\u00eame si Elon Musk pense que personne ne peut lui faire de l\u2019ombre sur la question spatiale, il est concurrenc\u00e9 par Jeff Bezos et son entreprise Blue Origin.<\/p>\n<p class=\"asset asset-text\">Il n\u2019a toutefois pas totalement abandonn\u00e9 sa casquette d\u2019homme d\u2019affaires. Elon Musk per\u00e7oit son action politique comme un instrument pour le succ\u00e8s de ses soci\u00e9t\u00e9s.<\/p>\n<p class=\"asset asset-text\"><strong>Elon Musk n\u2019a pas d\u00e9taill\u00e9 ses propositions politiques. Que peut-on attendre de lui\u00a0?<\/strong><\/p>\n<p class=\"asset asset-text\">C\u2019est difficile \u00e0 dire car ce qui caract\u00e9rise Musk, c\u2019est qu\u2019il n\u2019est pas un id\u00e9ologue, contrairement \u00e0 d\u2019autres personnalit\u00e9s de la tech comme Peter Thiel [le fondateur de PayPal], qui est une figure de l\u2019extr\u00eame droite. Elon Musk a \u00e9t\u00e9 proche des d\u00e9mocrates pendant un temps, avant de se rapprocher des r\u00e9publicains sous la mandature de Joe Biden.<\/p>\n<p class=\"asset asset-text\">Il n\u2019a pas de projet politique connu, mis \u00e0 part la question de la dette. On sait \u00e9galement que sur les questions sociales, il pense que l\u2019id\u00e9ologie woke a mis en danger les \u00c9tats-Unis. Mais de ce point de vue l\u00e0, on comprend mal comment il pourrait se diff\u00e9rencier de Donald Trump.<\/p>\n<p class=\"asset asset-text\"><strong>\u00c9tant n\u00e9 en Afrique du Sud et non aux \u00c9tats-Unis, on sait qu\u2019il ne peut pas se pr\u00e9senter \u00e0 l\u2019\u00e9lection pr\u00e9sidentielle am\u00e9ricaine. Alors pourquoi cr\u00e9er un parti\u00a0?<\/strong><\/p>\n<p class=\"asset asset-text\">Pour l\u2019instant, Elon Musk affirme que ce parti permettrait de mener des campagnes locales pour proposer des candidats face aux \u00e9lus qui ont vot\u00e9 pour la loi budg\u00e9taire de Donald Trump. Mais on peut aussi imaginer que sur le long terme, ce parti lui permette d\u2019\u00eatre un faiseur de roi pour les prochaines \u00e9lections. Avant de se ranger derri\u00e8re Donald Trump, il avait notamment soutenu le gouverneur de Floride Ron DeSantis.<\/p>\n<p class=\"asset asset-text\"><strong>Peut-il, comme il l\u2019assure, imposer un \u00ab\u00a0troisi\u00e8me parti\u00a0\u00bb aux \u00c9tats-Unis, o\u00f9 le syst\u00e8me politique est bipartisan\u00a0?<\/strong><\/p>\n<p class=\"asset asset-text\">Le projet d\u2019un troisi\u00e8me parti politique est une arl\u00e9sienne aux \u00c9tats-Unis. C\u2019est un projet qui revient r\u00e9guli\u00e8rement et qui a \u00e9t\u00e9 port\u00e9 par plusieurs figures politiques, mais qui n\u2019a jamais abouti car \u00e7a ne fait pas partie de la culture politique du pays. Les Am\u00e9ricains ont l\u2019impression que c\u2019est un vote qui ne servirait \u00e0 rien.<\/p>\n<p class=\"asset asset-text\">Par ailleurs, la personnalit\u00e9 m\u00eame d\u2019Elon Musk peut lui poser probl\u00e8me. Pour construire un projet politique, il faut des alli\u00e9s et le go\u00fbt des gens, ce qui n\u2019est pas le cas de Musk. Dans la gestion de ses entreprises, il est moteur sur l\u2019aspect technique mais d\u2019une violence terrible sur le plan humain. On l\u2019a \u00e9galement souvent vu mal \u00e0 l\u2019aise sur sc\u00e8ne, ce qui laisse penser qu\u2019il n\u2019aurait pas le pouvoir d\u2019attraction suffisant pour \u00eatre un leader politique et faire peser son parti.<\/p>\n","protected":false},"excerpt":{"rendered":"Maison Blanche Photo montrant Donald Trump et Elon Musk devant un cybertruck tesla \u00e0 la Maison Blanche le&hellip;\n","protected":false},"author":2,"featured_media":155653,"comment_status":"","ping_status":"","sticky":false,"template":"","format":"standard","meta":{"footnotes":""},"categories":[6],"tags":[35,75,33,34,46,73,1011,27,14],"class_list":{"0":"post-231177","1":"post","2":"type-post","3":"status-publish","4":"format-standard","5":"has-post-thumbnail","7":"category-economie","8":"tag-business","9":"tag-donald-trump","10":"tag-economie","11":"tag-economy","12":"tag-elon-musk","13":"tag-etats-unis","14":"tag-fr","15":"tag-france","16":"tag-international"},"share_on_mastodon":{"url":"https:\/\/pubeurope.com\/@fr\/114808136953892298","error":""},"_links":{"self":[{"href":"https:\/\/www.europesays.com\/fr\/wp-json\/wp\/v2\/posts\/231177","targetHints":{"allow":["GET"]}}],"collection":[{"href":"https:\/\/www.europesays.com\/fr\/wp-json\/wp\/v2\/posts"}],"about":[{"href":"https:\/\/www.europesays.com\/fr\/wp-json\/wp\/v2\/types\/post"}],"author":[{"embeddable":true,"href":"https:\/\/www.europesays.com\/fr\/wp-json\/wp\/v2\/users\/2"}],"replies":[{"embeddable":true,"href":"https:\/\/www.europesays.com\/fr\/wp-json\/wp\/v2\/comments?post=231177"}],"version-history":[{"count":0,"href":"https:\/\/www.europesays.com\/fr\/wp-json\/wp\/v2\/posts\/231177\/revisions"}],"wp:featuredmedia":[{"embeddable":true,"href":"https:\/\/www.europesays.com\/fr\/wp-json\/wp\/v2\/media\/155653"}],"wp:attachment":[{"href":"https:\/\/www.europesays.com\/fr\/wp-json\/wp\/v2\/media?parent=231177"}],"wp:term":[{"taxonomy":"category","embeddable":true,"href":"https:\/\/www.europesays.com\/fr\/wp-json\/wp\/v2\/categories?post=231177"},{"taxonomy":"post_tag","embeddable":true,"href":"https:\/\/www.europesays.com\/fr\/wp-json\/wp\/v2\/tags?post=231177"}],"curies":[{"name":"wp","href":"https:\/\/api.w.org\/{rel}","templated":true}]}}