{"id":231178,"date":"2025-07-06T20:18:11","date_gmt":"2025-07-06T20:18:11","guid":{"rendered":"https:\/\/www.europesays.com\/fr\/231178\/"},"modified":"2025-07-06T20:18:11","modified_gmt":"2025-07-06T20:18:11","slug":"un-homme-tombe-dans-une-crevasse-en-montagne-doit-la-vie-a-son-chihuahua-en-suisse","status":"publish","type":"post","link":"https:\/\/www.europesays.com\/fr\/231178\/","title":{"rendered":"Un homme tomb\u00e9 dans une crevasse en montagne doit la vie \u00e0 son chihuahua en Suisse"},"content":{"rendered":"<p>Cette <a href=\"https:\/\/www.laprovence.com\/article\/faits-divers-justice\/4773422383084414\/je-nai-pas-hesite-les-images-du-sauvetage-heroique-dune-famille-bloquee-dans-un-appartement-en-feu-a-paris\" target=\"_blank\" rel=\"noopener\">op\u00e9ration de sauvetage<\/a> \u00ab\u00a0extraordinaire\u00a0\u00bb s&rsquo;est d\u00e9roul\u00e9e vendredi sur un glacier au-dessus de Saas-Fee, indique dans un communiqu\u00e9 Air Zermatt, une soci\u00e9t\u00e9 de sauvetage a\u00e9rien qui op\u00e8re dans le canton du Valais.<\/p>\n<p>L&rsquo;homme se promenait sur le glacier de Fee avec son petit chien en d\u00e9but d&rsquo;apr\u00e8s-midi lorsqu&rsquo;il est soudainement tomb\u00e9 dans une crevasse d&rsquo;environ huit m\u00e8tres de profondeur. Son fid\u00e8le compagnon, un petit <a href=\"https:\/\/www.laprovence.com\/article\/faits-divers-justice\/6487055187763114\/un-americain-accuse-davoir-mis-son-chien-vivant-dans-un-four-en-marche-pour-quil-arrete-daboyer\" target=\"_blank\" rel=\"noopener\">chihuahua<\/a>, a eu lui plus de chance et est rest\u00e9 au bord de la crevasse.<\/p>\n<p>Ce mouvement du chien qui a tout chang\u00e9<\/p>\n<p>Il est rest\u00e9 sur place jusqu&rsquo;\u00e0 l&rsquo;arriv\u00e9e des sauveteurs, ce qui a \u00ab\u00a0probablement sauv\u00e9 la vie\u00a0\u00bb de son ma\u00eetre. Ce dernier disposait aussi d&rsquo;un \u00ab\u00a0talkie-walkie amateur\u00a0\u00bb avec lequel il a tent\u00e9 d&rsquo;appeler \u00e0 l&rsquo;aide. Une personne \u00e0 proximit\u00e9 a capt\u00e9 l&rsquo;appel d&rsquo;urgence et a alert\u00e9 les secours.<\/p>\n<p>En milieu d&rsquo;apr\u00e8s-midi, une \u00e9quipe d&rsquo;Air Zermatt, avec trois sp\u00e9cialistes en sauvetage, a alors d\u00e9coll\u00e9 en direction du glacier. Sur place, les secouristes ont toutefois eu des difficult\u00e9s \u00e0 rep\u00e9rer le point de chute car \u00ab\u00a0l&rsquo;\u00e9tendue du glacier \u00e9tait vaste et le trou difficile \u00e0 rep\u00e9rer\u00a0\u00bb.<\/p>\n<p>C&rsquo;\u00e9tait sans compter sur le chihuaha qui a alors boug\u00e9. Son mouvement a \u00e9t\u00e9 aper\u00e7u par l&rsquo;un des sauveteurs. \u00ab\u00a0Gr\u00e2ce au comportement du chien, l&rsquo;\u00e9quipe a pu localiser pr\u00e9cis\u00e9ment le lieu de l&rsquo;accident\u00a0\u00bb, indique Air Zermatt. Les secouristes ont pu descendre en rappel jusqu&rsquo;\u00e0 la victime et la sauver.\u00a0<\/p>\n<p>Il a ensuite \u00e9t\u00e9 emmen\u00e9 avec son chien \u00e0 l&rsquo;h\u00f4pital de Vi\u00e8ge.<\/p>\n","protected":false},"excerpt":{"rendered":"Cette op\u00e9ration de sauvetage \u00ab\u00a0extraordinaire\u00a0\u00bb s&rsquo;est d\u00e9roul\u00e9e vendredi sur un glacier au-dessus de Saas-Fee, indique dans un communiqu\u00e9&hellip;\n","protected":false},"author":2,"featured_media":231179,"comment_status":"","ping_status":"","sticky":false,"template":"","format":"standard","meta":{"footnotes":""},"categories":[5],"tags":[17,11,37010,1446,5404,1011,27,4933,14,5324,12,104,11270,96,28],"class_list":{"0":"post-231178","1":"post","2":"type-post","3":"status-publish","4":"format-standard","5":"has-post-thumbnail","7":"category-international","8":"tag-17","9":"tag-actualites","10":"tag-crevasse","11":"tag-dans","12":"tag-doit","13":"tag-fr","14":"tag-france","15":"tag-homme","16":"tag-international","17":"tag-montagne","18":"tag-news","19":"tag-societe","20":"tag-tombe","21":"tag-une","22":"tag-world"},"share_on_mastodon":{"url":"https:\/\/pubeurope.com\/@fr\/114808140853766793","error":""},"_links":{"self":[{"href":"https:\/\/www.europesays.com\/fr\/wp-json\/wp\/v2\/posts\/231178","targetHints":{"allow":["GET"]}}],"collection":[{"href":"https:\/\/www.europesays.com\/fr\/wp-json\/wp\/v2\/posts"}],"about":[{"href":"https:\/\/www.europesays.com\/fr\/wp-json\/wp\/v2\/types\/post"}],"author":[{"embeddable":true,"href":"https:\/\/www.europesays.com\/fr\/wp-json\/wp\/v2\/users\/2"}],"replies":[{"embeddable":true,"href":"https:\/\/www.europesays.com\/fr\/wp-json\/wp\/v2\/comments?post=231178"}],"version-history":[{"count":0,"href":"https:\/\/www.europesays.com\/fr\/wp-json\/wp\/v2\/posts\/231178\/revisions"}],"wp:featuredmedia":[{"embeddable":true,"href":"https:\/\/www.europesays.com\/fr\/wp-json\/wp\/v2\/media\/231179"}],"wp:attachment":[{"href":"https:\/\/www.europesays.com\/fr\/wp-json\/wp\/v2\/media?parent=231178"}],"wp:term":[{"taxonomy":"category","embeddable":true,"href":"https:\/\/www.europesays.com\/fr\/wp-json\/wp\/v2\/categories?post=231178"},{"taxonomy":"post_tag","embeddable":true,"href":"https:\/\/www.europesays.com\/fr\/wp-json\/wp\/v2\/tags?post=231178"}],"curies":[{"name":"wp","href":"https:\/\/api.w.org\/{rel}","templated":true}]}}