{"id":231184,"date":"2025-07-06T20:21:30","date_gmt":"2025-07-06T20:21:30","guid":{"rendered":"https:\/\/www.europesays.com\/fr\/231184\/"},"modified":"2025-07-06T20:21:30","modified_gmt":"2025-07-06T20:21:30","slug":"loire-lete-est-la-et-les-gros-travaux-se-poursuivent-sur-la47-et-la72-cette-semaine","status":"publish","type":"post","link":"https:\/\/www.europesays.com\/fr\/231184\/","title":{"rendered":"Loire. L&rsquo;\u00e9t\u00e9 est l\u00e0 et les gros travaux se poursuivent sur l&rsquo;A47 et l&rsquo;A72 cette semaine"},"content":{"rendered":"<p>A47<\/p>\n<p>Saint-Chamond (\u00e9largissement de bande d\u2019arr\u00eat d\u2019urgence)<\/p>\n<p>Dans le sens Saint-\u00c9tienne\/Lyon, la circulation se fait sur des voies de largeurs r\u00e9duites jusqu\u2019au 11 septembre. Par ailleurs, la vitesse est r\u00e9duite \u00e0 70 km\/h avec interdiction de d\u00e9passement pour les v\u00e9hicules de plus de 3,5 tonnes.<\/p>\n<p>Rive-de-Gier (\u00e9largissement de bande d\u2019arr\u00eat d\u2019urgence)<\/p>\n<p>Dans le sens Lyon\/Saint-\u00c9tienne, la circulation se fait sur voies de largeurs r\u00e9duites pendant la dur\u00e9e des travaux, jusqu\u2019au 10 juillet. Par ailleurs, la vitesse est r\u00e9duite \u00e0 70 km\/h avec interdiction de d\u00e9passement pour les v\u00e9hicules de plus de 3,5 tonnes.<\/p>\n<p>Par ailleurs, l\u2019A47 sera ferm\u00e9e \u00e0 la circulation dans le sens Lyon\/Saint-\u00c9tienne entre les \u00e9changeurs n\u00b011 (Rive-de-Gier\/Saint-Martin-la-Plaine) et n\u00b012 (Lorette) les nuits du lundi 7, mardi 8 et mercredi 9 juillet de 21 heures \u00e0 5\u00a0h\u00a030. Une d\u00e9viation locale sera mise en place entre ces deux \u00e9changeurs.<\/p>\n<p>  Entre Saint-Chamond et Givors (travaux de marquage)<\/p>\n<p>Les \u00e9changeurs entre Saint-Chamond et Givors seront ferm\u00e9s ponctuellement dans les deux sens de circulation les nuits du mercredi 9 et du jeudi 10 juillet de 21\u00a0heures et 6\u00a0heures.<\/p>\n<p>N88<\/p>\n<p>Saint-\u00c9tienne (travaux d\u2019am\u00e9nagement)<\/p>\n<p>Dans le sens Firminy\/Saint-\u00c9tienne, la bretelle de sortie N\u00b024 \u00ab Annonay &#8211; Col de la R\u00e9publique &#8211; Bourg-Argental\u00a0\u00bb est ferm\u00e9e \u00e0 la circulation de mani\u00e8re permanente jusqu\u2019au 10 octobre 2025.<\/p>\n<p>A72<\/p>\n<p>Andr\u00e9zieux-Bouth\u00e9on (am\u00e9nagement de l\u2019\u00e9changeur n\u00b09 de la Gouyonni\u00e8re)<\/p>\n<p>Dans le sens Saint-\u00c9tienne\/Clermont-Ferrand :<\/p>\n<p>&#8211; La bretelle d\u2019entr\u00e9e de l\u2019\u00e9changeur n\u00b09 en direction de Clermont-Ferrand est ferm\u00e9e de mani\u00e8re permanente jusqu\u2019au 29 ao\u00fbt. Une d\u00e9viation est mise en place via la RD1082 afin de reprendre l\u2019A72 en direction de Clermont-Ferrand par la bretelle d\u2019entr\u00e9e de l\u2019\u00e9changeur n\u00b08.<\/p>\n<p>&#8211; La bretelle de sortie 9b (vers Montbrison\/Saint-Just-Saint-Rambert) sera ferm\u00e9e \u00e0 la circulation de mani\u00e8re permanente du mardi 1er juillet 5\u00a0h\u00a030 au 29 ao\u00fbt.<\/p>\n<p>Une d\u00e9viation \u00e0 l&rsquo;attention des usagers sera mise en place selon l&rsquo;itin\u00e9raire suivant : bretelle de sortie 9a, RD100, \u00e9changeur de l\u2019Envol, retour sur RD100, giratoire de la Gouyonni\u00e8re.<\/p>\n<p>&#8211; La voie de droite sera neutralis\u00e9e entre La Fouillouse et Andr\u00e9zieux et les bretelles de sortie 9a et 9b seront ferm\u00e9es \u00e0 la circulation les journ\u00e9es du lundi 7, du mardi 8, du mercredi 9 et du jeudi 10 juillet de 9 \u00e0 16 heures.<\/p>\n<p>Une d\u00e9viation sera mise en place \u00e0 partir de l\u2019\u00e9changeur suivant, via les bretelles 8a et 8b.<\/p>\n<p>  Saint-\u00c9tienne (travaux Saint-\u00c9tienne M\u00e9tropole)<\/p>\n<p>En raison de travaux sur la rue de La Talaudi\u00e8re, la bretelle de sortie n\u00b015 \u00ab M\u00e9ons \u00bb sera ferm\u00e9e les nuits du lundi 7, du mardi 8, du mercredi 9 et du jeudi 10 juillet de 20 heures \u00e0 6\u00a0h\u00a030. Une d\u00e9viation sera mise en place via la sortie n\u00b014.<\/p>\n<p>\u00c9changeur n\u00b010 de Ratarieux (doublement de bretelle)<\/p>\n<p>Dans le sens Saint-Etienne vers Clermont-Ferrand, la bretelle de sortie de l&rsquo;\u00e9changeur N\u00b010 en direction de l&rsquo;H\u00f4pital Nord, sera ferm\u00e9e \u00e0 la circulation la nuit du lundi 7 juillet de 20\u00a0h\u00a030 \u00e0 5\u00a0h\u00a030.<\/p>\n<p>Une d\u00e9viation \u00e0 l&rsquo;attention des usagers sera mise en place selon l&rsquo;itin\u00e9raire suivant : sortie \u00e9changeur N\u00b010 direction centre commercial, RM201 en direction du carrefour \u00e0 feux de Ratarieux, et RD1082 en direction de l\u2019H\u00f4pital Nord.<\/p>\n<p>La bretelle de sortie de l&rsquo;\u00e9changeur N\u00b010, en direction de l&rsquo;H\u00f4pital Nord, sera ensuite ferm\u00e9e \u00e0 la circulation de mani\u00e8re permanente du 8 juillet au 6 ao\u00fbt.<\/p>\n<p>Une d\u00e9viation \u00e0 l&rsquo;attention des usagers sera mise en place selon l&rsquo;itin\u00e9raire suivant : bretelle en direction du centre commercial Leroy Merlin et RD 1082.<\/p>\n","protected":false},"excerpt":{"rendered":"A47 Saint-Chamond (\u00e9largissement de bande d\u2019arr\u00eat d\u2019urgence) Dans le sens Saint-\u00c9tienne\/Lyon, la circulation se fait sur des voies&hellip;\n","protected":false},"author":2,"featured_media":231185,"comment_status":"","ping_status":"","sticky":false,"template":"","format":"standard","meta":{"footnotes":""},"categories":[9653],"tags":[1111,11,17136,2430,3542,7359,7539,1777,674,1011,27,3367,12,25,15293,9669,4001],"class_list":{"0":"post-231184","1":"post","2":"type-post","3":"status-publish","4":"format-standard","5":"has-post-thumbnail","7":"category-saint-etienne","8":"tag-actu","9":"tag-actualites","10":"tag-andrezieux-boutheon","11":"tag-auvergne-rhone-alpes","12":"tag-circulation","13":"tag-edition-loire-centre","14":"tag-edition-loire-sud","15":"tag-eu","16":"tag-europe","17":"tag-fr","18":"tag-france","19":"tag-loire","20":"tag-news","21":"tag-republique-francaise","22":"tag-rive-de-gier","23":"tag-saint-chamond","24":"tag-saint-etienne"},"share_on_mastodon":{"url":"https:\/\/pubeurope.com\/@fr\/114808152727340384","error":""},"_links":{"self":[{"href":"https:\/\/www.europesays.com\/fr\/wp-json\/wp\/v2\/posts\/231184","targetHints":{"allow":["GET"]}}],"collection":[{"href":"https:\/\/www.europesays.com\/fr\/wp-json\/wp\/v2\/posts"}],"about":[{"href":"https:\/\/www.europesays.com\/fr\/wp-json\/wp\/v2\/types\/post"}],"author":[{"embeddable":true,"href":"https:\/\/www.europesays.com\/fr\/wp-json\/wp\/v2\/users\/2"}],"replies":[{"embeddable":true,"href":"https:\/\/www.europesays.com\/fr\/wp-json\/wp\/v2\/comments?post=231184"}],"version-history":[{"count":0,"href":"https:\/\/www.europesays.com\/fr\/wp-json\/wp\/v2\/posts\/231184\/revisions"}],"wp:featuredmedia":[{"embeddable":true,"href":"https:\/\/www.europesays.com\/fr\/wp-json\/wp\/v2\/media\/231185"}],"wp:attachment":[{"href":"https:\/\/www.europesays.com\/fr\/wp-json\/wp\/v2\/media?parent=231184"}],"wp:term":[{"taxonomy":"category","embeddable":true,"href":"https:\/\/www.europesays.com\/fr\/wp-json\/wp\/v2\/categories?post=231184"},{"taxonomy":"post_tag","embeddable":true,"href":"https:\/\/www.europesays.com\/fr\/wp-json\/wp\/v2\/tags?post=231184"}],"curies":[{"name":"wp","href":"https:\/\/api.w.org\/{rel}","templated":true}]}}