{"id":231190,"date":"2025-07-06T20:24:49","date_gmt":"2025-07-06T20:24:49","guid":{"rendered":"https:\/\/www.europesays.com\/fr\/231190\/"},"modified":"2025-07-06T20:24:49","modified_gmt":"2025-07-06T20:24:49","slug":"nancy-lycee-jeanne-darc-bac-2025-mention-tres-bien-vincent-burdin-18-ans-bac-general","status":"publish","type":"post","link":"https:\/\/www.europesays.com\/fr\/231190\/","title":{"rendered":"Nancy, lyc\u00e9e Jeanne-d&rsquo;Arc | Bac 2025 Mention Tr\u00e8s Bien. Vincent Burdin, 18 ans, bac g\u00e9n\u00e9ral"},"content":{"rendered":"<p>Vincent Burdin, 18 ans, demeurant \u00e0 Champigneulles, a d\u00e9croch\u00e9 son bac g\u00e9n\u00e9ral avec mention tr\u00e8s bien. Passionn\u00e9 par le football, le v\u00e9lo et les voyages, il a obtenu la note de 20 en sciences \u00e9conomiques et sociales, sa mati\u00e8re pr\u00e9f\u00e9r\u00e9e. Vincent a r\u00e9agi avec joie \u00e0 l&rsquo;annonce de sa mention, couronnant ainsi une ann\u00e9e studieuse. Il envisage de poursuivre ses \u00e9tudes \u00e0 Sciences Po Grenoble pour se diriger vers un m\u00e9tier en rapport avec le sport. Cet \u00e9t\u00e9, il pr\u00e9voit de se reposer et de voyager.<\/p>\n<p>\u270e R\u00e9dig\u00e9 avec l&rsquo;aide d&rsquo;outils IA et v\u00e9rifi\u00e9 par un journaliste \ud83d\udec8 En savoir plus avec la charte IA d&rsquo;Ebra.<\/p>\n","protected":false},"excerpt":{"rendered":"Vincent Burdin, 18 ans, demeurant \u00e0 Champigneulles, a d\u00e9croch\u00e9 son bac g\u00e9n\u00e9ral avec mention tr\u00e8s bien. Passionn\u00e9 par&hellip;\n","protected":false},"author":2,"featured_media":231191,"comment_status":"","ping_status":"","sticky":false,"template":"","format":"standard","meta":{"footnotes":""},"categories":[9635],"tags":[1111,11,36609,1704,1057,1777,674,10961,1011,27,775,1702,1703,12,25],"class_list":{"0":"post-231190","1":"post","2":"type-post","3":"status-publish","4":"format-standard","5":"has-post-thumbnail","7":"category-nancy","8":"tag-actu","9":"tag-actualites","10":"tag-baccalaureat-mention-tres-bien","11":"tag-edition-nancy-et-agglomeration","12":"tag-education","13":"tag-eu","14":"tag-europe","15":"tag-examen-diplome","16":"tag-fr","17":"tag-france","18":"tag-grand-est","19":"tag-nancy","20":"tag-nancy-ville-54b","21":"tag-news","22":"tag-republique-francaise"},"share_on_mastodon":{"url":"https:\/\/pubeurope.com\/@fr\/114808168276249116","error":""},"_links":{"self":[{"href":"https:\/\/www.europesays.com\/fr\/wp-json\/wp\/v2\/posts\/231190","targetHints":{"allow":["GET"]}}],"collection":[{"href":"https:\/\/www.europesays.com\/fr\/wp-json\/wp\/v2\/posts"}],"about":[{"href":"https:\/\/www.europesays.com\/fr\/wp-json\/wp\/v2\/types\/post"}],"author":[{"embeddable":true,"href":"https:\/\/www.europesays.com\/fr\/wp-json\/wp\/v2\/users\/2"}],"replies":[{"embeddable":true,"href":"https:\/\/www.europesays.com\/fr\/wp-json\/wp\/v2\/comments?post=231190"}],"version-history":[{"count":0,"href":"https:\/\/www.europesays.com\/fr\/wp-json\/wp\/v2\/posts\/231190\/revisions"}],"wp:featuredmedia":[{"embeddable":true,"href":"https:\/\/www.europesays.com\/fr\/wp-json\/wp\/v2\/media\/231191"}],"wp:attachment":[{"href":"https:\/\/www.europesays.com\/fr\/wp-json\/wp\/v2\/media?parent=231190"}],"wp:term":[{"taxonomy":"category","embeddable":true,"href":"https:\/\/www.europesays.com\/fr\/wp-json\/wp\/v2\/categories?post=231190"},{"taxonomy":"post_tag","embeddable":true,"href":"https:\/\/www.europesays.com\/fr\/wp-json\/wp\/v2\/tags?post=231190"}],"curies":[{"name":"wp","href":"https:\/\/api.w.org\/{rel}","templated":true}]}}